{"id":14213,"date":"2020-08-19T14:26:00","date_gmt":"2020-08-19T14:26:00","guid":{"rendered":"https:\/\/www.radiopresidenteibanez.cl\/web\/?p=14213"},"modified":"2020-08-19T14:26:04","modified_gmt":"2020-08-19T14:26:04","slug":"ultimos-dias-de-inscripcion-a-la-prueba-de-transicion-para-la-admision-universitaria-2021","status":"publish","type":"post","link":"https:\/\/www.radiopresidenteibanez.cl\/web\/ultimos-dias-de-inscripcion-a-la-prueba-de-transicion-para-la-admision-universitaria-2021\/","title":{"rendered":"\u00daLTIMOS D\u00cdAS DE INSCRIPCI\u00d3N A LA PRUEBA DE TRANSICI\u00d3N PARA LA ADMISI\u00d3N UNIVERSITARIA 2021"},"content":{"rendered":"\n<p>Este viernes 21 de agosto hasta las 13:00 horas termina el plazo de inscripci\u00f3n a la Prueba de Transici\u00f3n para la admisi\u00f3n universitaria 2021, parte del Nuevo Sistema de Acceso a la Educaci\u00f3n Superior, al que ya se han inscrito casi 180 mil j\u00f3venes. A trav\u00e9s del portal&nbsp;<a href=\"http:\/\/acceso.mineduc.cl\/\" target=\"_blank\" rel=\"noreferrer noopener\">acceso.mineduc.cl<\/a>&nbsp;los estudiantes de IV Medio y todos aquellos que quieran postular a las 43 universidades adscritas al Sistema podr\u00e1n inscribirse para rendir la prueba que reemplaz\u00f3 a la PSU y que evaluar\u00e1 no solo conocimientos, sino que tambi\u00e9n, de forma paulatina, habilidades.<\/p>\n\n\n\n<p>En el proceso de inscripci\u00f3n, los alumnos que est\u00e1n cursando IV Medio en colegios municipales, servicios locales de educaci\u00f3n, particulares subvencionados y de administraci\u00f3n delegada quedar\u00e1n exentos de pago, con lo que se busca beneficiar a m\u00e1s de 191 mil estudiantes de todo el pa\u00eds. Adicionalmente, estudiantes de IV Medio de establecimientos privados tambi\u00e9n podr\u00e1n eximirse del pago si as\u00ed lo requieren, para lo cual deber\u00e1n acreditar su situaci\u00f3n de vulnerabilidad ante Junaeb, trav\u00e9s de sus establecimientos educacionales.<\/p>\n\n\n\n<p>\u201cLlamamos a todos los j\u00f3venes a inscribirse a la nueva Prueba de Transici\u00f3n de manera completamente online en el portal&nbsp;<a href=\"http:\/\/acceso.mineduc.cl\/\" target=\"_blank\" rel=\"noreferrer noopener\">acceso.mineduc.cl<\/a>, en el que adem\u00e1s podr\u00e1n encontrar toda la informaci\u00f3n que necesitan para su proceso de postulaci\u00f3n a la Educaci\u00f3n Superior, como carreras, instituciones y calendario de fechas claves\u201d, se\u00f1al\u00f3 el&nbsp;<strong>subsecretario de Educaci\u00f3n Superior, Juan Eduardo Vargas.<\/strong><\/p>\n\n\n\n<p>El subsecretario destac\u00f3 adem\u00e1s que los j\u00f3venes que rindieron la PSU en 2020 y quieran hacer uso de su puntaje podr\u00e1n hacerlo respecto de las pruebas rendidas. De esta manera, podr\u00e1n hacer uso del puntaje obtenido en las pruebas de Matem\u00e1tica, Lenguaje y Comunicaci\u00f3n, y Ciencias, pero si desean obtener un puntaje en la prueba de Historia, Geograf\u00eda y Ciencias Sociales (que no se aplic\u00f3 en 2020), deber\u00e1n inscribirse para rendir la Prueba Electiva de Historia y Ciencias Sociales dentro de los plazos establecidos, sin costo alguno, en&nbsp;<a href=\"http:\/\/acceso.mineduc.cl\/\" target=\"_blank\" rel=\"noreferrer noopener\">acceso.mineduc.cl<\/a>. En caso de que alg\u00fan postulante quiera rendir todas las pruebas nuevamente, podr\u00e1 inscribirlas al igual que cualquier postulante, cancelando el arancel correspondiente en el mismo portal de inscripci\u00f3n. Todo el detalle de esta informaci\u00f3n est\u00e1 disponible en&nbsp;<a href=\"http:\/\/acceso.mineduc.cl\/\" target=\"_blank\" rel=\"noreferrer noopener\">acceso.mineduc.cl<\/a>.<\/p>\n\n\n\n<p><strong>Sobre la nueva Prueba de Transici\u00f3n<\/strong><\/p>\n\n\n\n<p>Cabe recordar que, en la nueva Prueba de Transici\u00f3n, las pruebas obligatorias de Comprensi\u00f3n Lectora y Matem\u00e1ticas disminuir\u00e1n sus preguntas de 80 a 65, producto de la reducci\u00f3n de contenidos que se consideran respecto de la PSU. Adicionalmente, en el contexto de la pandemia, en abril fueron nuevamente ajustados los contenidos, dejando, respecto de los de IV Medio, solo aquellos considerados esenciales.<\/p>\n\n\n\n<p>Por otra parte, para apoyar a los estudiantes en la preparaci\u00f3n de las nuevas pruebas, se estableci\u00f3 una alianza con preuniversitarios para que los j\u00f3venes puedan inscribirse de manera gratuita en ellos a trav\u00e9s del portal&nbsp;<a href=\"http:\/\/aprendoenlinea.mineduc.cl\/\" target=\"_blank\" rel=\"noreferrer noopener\">aprendoenlinea.mineduc.cl<\/a>, y se publicaron nuevas preguntas y ensayos de la Prueba de Transici\u00f3n para que los estudiantes puedan prepararse desde sus casas.<\/p>\n","protected":false},"excerpt":{"rendered":"<p>Este viernes 21 de agosto hasta las 13:00 horas termina el plazo de inscripci\u00f3n a la Prueba de Transici\u00f3n para la admisi\u00f3n universitaria 2021, parte del Nuevo Sistema de Acceso&#8230; <a class=\"read-more\" href=\"https:\/\/www.radiopresidenteibanez.cl\/web\/ultimos-dias-de-inscripcion-a-la-prueba-de-transicion-para-la-admision-universitaria-2021\/\">Leer m\u00e1s<\/a><\/p>\n","protected":false},"author":2,"featured_media":14214,"comment_status":"closed","ping_status":"closed","sticky":false,"template":"","format":"standard","meta":{"footnotes":""},"categories":[1],"tags":[],"class_list":["post-14213","post","type-post","status-publish","format-standard","has-post-thumbnail","hentry","category-cronica"],"_links":{"self":[{"href":"https:\/\/www.radiopresidenteibanez.cl\/web\/wp-json\/wp\/v2\/posts\/14213","targetHints":{"allow":["GET"]}}],"collection":[{"href":"https:\/\/www.radiopresidenteibanez.cl\/web\/wp-json\/wp\/v2\/posts"}],"about":[{"href":"https:\/\/www.radiopresidenteibanez.cl\/web\/wp-json\/wp\/v2\/types\/post"}],"author":[{"embeddable":true,"href":"https:\/\/www.radiopresidenteibanez.cl\/web\/wp-json\/wp\/v2\/users\/2"}],"replies":[{"embeddable":true,"href":"https:\/\/www.radiopresidenteibanez.cl\/web\/wp-json\/wp\/v2\/comments?post=14213"}],"version-history":[{"count":0,"href":"https:\/\/www.radiopresidenteibanez.cl\/web\/wp-json\/wp\/v2\/posts\/14213\/revisions"}],"wp:featuredmedia":[{"embeddable":true,"href":"https:\/\/www.radiopresidenteibanez.cl\/web\/wp-json\/wp\/v2\/media\/14214"}],"wp:attachment":[{"href":"https:\/\/www.radiopresidenteibanez.cl\/web\/wp-json\/wp\/v2\/media?parent=14213"}],"wp:term":[{"taxonomy":"category","embeddable":true,"href":"https:\/\/www.radiopresidenteibanez.cl\/web\/wp-json\/wp\/v2\/categories?post=14213"},{"taxonomy":"post_tag","embeddable":true,"href":"https:\/\/www.radiopresidenteibanez.cl\/web\/wp-json\/wp\/v2\/tags?post=14213"}],"curies":[{"name":"wp","href":"https:\/\/api.w.org\/{rel}","templated":true}]}}