{"id":14188,"date":"2020-08-18T14:01:22","date_gmt":"2020-08-18T14:01:22","guid":{"rendered":"https:\/\/www.radiopresidenteibanez.cl\/web\/?p=14188"},"modified":"2020-08-18T14:01:26","modified_gmt":"2020-08-18T14:01:26","slug":"comenzo-devolucion-del-pago-de-patentes-comerciales-y-de-alcoholes-en-el-liceo-sara-braun","status":"publish","type":"post","link":"https:\/\/www.radiopresidenteibanez.cl\/web\/comenzo-devolucion-del-pago-de-patentes-comerciales-y-de-alcoholes-en-el-liceo-sara-braun\/","title":{"rendered":"COMENZ\u00d3 DEVOLUCI\u00d3N DEL PAGO DE PATENTES COMERCIALES Y DE ALCOHOLES EN EL LICEO SARA BRAUN"},"content":{"rendered":"\n<p>El Municipio de Punta Arenas, luego de un tremendo esfuerzo &nbsp;financiero y presupuestario, ha dispuesto proceder a la devoluci\u00f3n proporcional del pago de patentes municipales comerciales y de alcoholes, para aquellos contribuyentes que por disposici\u00f3n de la autoridad sanitaria no han podido funcionar desde marzo a la fecha, raz\u00f3n por la cual se habilit\u00f3 el gimnasio del Liceo Sara Braun para desarrollar dicho tr\u00e1mite.<\/p>\n\n\n\n<p>Claudio Radonich, alcalde de la comuna expres\u00f3 que \u201cya estamos atendiendo en el Liceo Sara Braun, de lunes a viernes entre las 9 y 13 horas, para que todos aquellos contribuyentes que no han podido trabajar por instrucci\u00f3n de la autoridad sanitaria desde el mes de marzo en adelante, puedan venir a retirar sus dineros correspondientes a un porcentaje del pago de patentes comerciales y de alcoholes\u201d.<\/p>\n\n\n\n<p>\u201cPara ello, dispusimos dos archivos en nuestra web para validar la solicitud, adem\u00e1s de los datos para poder transferir en una pr\u00f3xima oportunidad\u201d, dijo la autoridad comunal.<\/p>\n\n\n\n<p>Frente a lo mismo, el jefe de Rentas y Patentes, Ricardo Barr\u00eda, agreg\u00f3 que \u201cel universo de contribuyentes que pueden optar a este beneficio, bordea los 3 mil emprendedores, por lo que hemos habilitado en nuestro sitio web&nbsp;<a href=\"http:\/\/www.puntaarenas.cl\/\" target=\"_blank\" rel=\"noreferrer noopener\">www.puntaarenas.cl<\/a>&nbsp;los formularios que permitir\u00e1n agilizar el proceso, declarando formalmente que no han podido ejercer la actividad comercial por la que obtienen la patente y adem\u00e1s, en la que solicitamos los datos de transferencia para el pr\u00f3ximo periodo\u201d.<\/p>\n\n\n\n<p>\u201cEn ese sentido hemos parcializado este reintegro, iniciando con establecimientos de alcoholes, cafeter\u00edas, gimnasios y an\u00e1logos, los que no han podido abrir desde el mes de marzo a la fecha. Y en segundo t\u00e9rmino, a partir de la pr\u00f3xima semana, o sea desde el 24 de agosto incorporamos la devoluci\u00f3n al resto de los establecimientos que no han podido funcionar, por motivo de la cuarentena total que vivi\u00f3 Punta Arenas\u201d, explic\u00f3 Barr\u00eda.<\/p>\n\n\n\n<p>Finalmente, el alcalde Radonich agradeci\u00f3 a los representantes del casino DREAMS, a la familia GUIC y sus empresas asociadas, pero tambi\u00e9n a Comercial FRADA, quienes acogieron nuestro llamado, renunciando a la devoluci\u00f3n que hemos implementado.<\/p>\n","protected":false},"excerpt":{"rendered":"<p>El Municipio de Punta Arenas, luego de un tremendo esfuerzo &nbsp;financiero y presupuestario, ha dispuesto proceder a la devoluci\u00f3n proporcional del pago de patentes municipales comerciales y de alcoholes, para&#8230; <a class=\"read-more\" href=\"https:\/\/www.radiopresidenteibanez.cl\/web\/comenzo-devolucion-del-pago-de-patentes-comerciales-y-de-alcoholes-en-el-liceo-sara-braun\/\">Leer m\u00e1s<\/a><\/p>\n","protected":false},"author":2,"featured_media":14189,"comment_status":"closed","ping_status":"closed","sticky":false,"template":"","format":"standard","meta":{"footnotes":""},"categories":[1],"tags":[],"class_list":["post-14188","post","type-post","status-publish","format-standard","has-post-thumbnail","hentry","category-cronica"],"_links":{"self":[{"href":"https:\/\/www.radiopresidenteibanez.cl\/web\/wp-json\/wp\/v2\/posts\/14188","targetHints":{"allow":["GET"]}}],"collection":[{"href":"https:\/\/www.radiopresidenteibanez.cl\/web\/wp-json\/wp\/v2\/posts"}],"about":[{"href":"https:\/\/www.radiopresidenteibanez.cl\/web\/wp-json\/wp\/v2\/types\/post"}],"author":[{"embeddable":true,"href":"https:\/\/www.radiopresidenteibanez.cl\/web\/wp-json\/wp\/v2\/users\/2"}],"replies":[{"embeddable":true,"href":"https:\/\/www.radiopresidenteibanez.cl\/web\/wp-json\/wp\/v2\/comments?post=14188"}],"version-history":[{"count":0,"href":"https:\/\/www.radiopresidenteibanez.cl\/web\/wp-json\/wp\/v2\/posts\/14188\/revisions"}],"wp:featuredmedia":[{"embeddable":true,"href":"https:\/\/www.radiopresidenteibanez.cl\/web\/wp-json\/wp\/v2\/media\/14189"}],"wp:attachment":[{"href":"https:\/\/www.radiopresidenteibanez.cl\/web\/wp-json\/wp\/v2\/media?parent=14188"}],"wp:term":[{"taxonomy":"category","embeddable":true,"href":"https:\/\/www.radiopresidenteibanez.cl\/web\/wp-json\/wp\/v2\/categories?post=14188"},{"taxonomy":"post_tag","embeddable":true,"href":"https:\/\/www.radiopresidenteibanez.cl\/web\/wp-json\/wp\/v2\/tags?post=14188"}],"curies":[{"name":"wp","href":"https:\/\/api.w.org\/{rel}","templated":true}]}}