{"id":14185,"date":"2020-08-18T13:59:04","date_gmt":"2020-08-18T13:59:04","guid":{"rendered":"https:\/\/www.radiopresidenteibanez.cl\/web\/?p=14185"},"modified":"2020-08-18T13:59:08","modified_gmt":"2020-08-18T13:59:08","slug":"serviu-instala-modulo-de-atencion-en-escuela-portugal-para-el-subsidio-de-arriendo-especial-clase-media","status":"publish","type":"post","link":"https:\/\/www.radiopresidenteibanez.cl\/web\/serviu-instala-modulo-de-atencion-en-escuela-portugal-para-el-subsidio-de-arriendo-especial-clase-media\/","title":{"rendered":"SERVIU INSTALA M\u00d3DULO DE ATENCI\u00d3N EN ESCUELA PORTUGAL PARA EL SUBSIDIO DE ARRIENDO ESPECIAL CLASE MEDIA"},"content":{"rendered":"\n<p>Desde ayer lunes, hasta el viernes 21 de agosto,\nServiu tendr\u00e1 un m\u00f3dulo de atenci\u00f3n en el gimnasio de la Escuela Portugal,\ndonde funcionan el Registro Social de Hogares y otros servicios de la Direcci\u00f3n\nde Desarrollo Comunitario de la Municipalidad de Punta Arenas, para apoyar las\npostulaciones al Subsidio de Arriendo Especial Clase Media del Ministerio de\nVivienda y Urbanismo.<\/p>\n\n\n\n<p>El director regional de Serviu Dubalio P\u00e9rez, explic\u00f3\nque \u201ctenemos la oportunidad de realizar esta atenci\u00f3n presencial para quienes\nest\u00e9n interesados en postular al Subsidio de Arriendo Especial o quienes hayan\ntenido alg\u00fan problema con el ingreso de sus documentos a la p\u00e1gina. Esta es una\npostulaci\u00f3n que se realiza totalmente en l\u00ednea, a trav\u00e9s de <a href=\"http:\/\/www.minvu.cl\">www.minvu.cl<\/a>, y lo que estamos haciendo es\nprestar apoyo y asesorar a quienes lo necesiten\u201d.<\/p>\n\n\n\n<p>\u201cRecordar que este Subsidio de Arriendo Especial, que\ncierra sus postulaciones el lunes 24 de agosto, cubrir\u00e1 hasta $250.000 por tres\nmeses, de arriendos que tengan un costo de hasta $600.000, a personas que hayan\nperdido su empleo o presenten una disminuci\u00f3n de m\u00e1s del 30 % de los ingresos\necon\u00f3micos\u201d, se\u00f1al\u00f3 el director de Serviu.<\/p>\n\n\n\n<p>Desde que se abri\u00f3 la postulaci\u00f3n, el Ministerio ha\nido simplificando requisitos y \u201ces as\u00ed que las personas no necesitan contar con\nel Registro Social de Hogares. Lo principal es ser arrendatario de una vivienda\nantes del 31 de mayo y demostrarlo con el contrato de arriendo y una\ndeclaraci\u00f3n jurada del arrendatario y el arrendador\u201d, expuso Dubalio P\u00e9rez.<\/p>\n\n\n\n<p>Adem\u00e1s de este m\u00f3dulo de atenci\u00f3n presencial en la\nEscuela Portugal, que funciona de 9 a 13 horas, Serviu tiene dispuestos todos\nsus canales remotos de atenci\u00f3n ciudadana, de lunes a viernes de 9 a 17 horas:\na trav\u00e9s del fanpage de Facebook \u201cServiu Magallanes\u201d o v\u00eda telef\u00f3nica a los\nn\u00fameros 56 9 90657186 y 56 9 90642967. Reiterar que las postulaciones se\nrealizan a trav\u00e9s de la p\u00e1gina web www.minvu.cl<\/p>\n","protected":false},"excerpt":{"rendered":"<p>Desde ayer lunes, hasta el viernes 21 de agosto, Serviu tendr\u00e1 un m\u00f3dulo de atenci\u00f3n en el gimnasio de la Escuela Portugal, donde funcionan el Registro Social de Hogares y&#8230; <a class=\"read-more\" href=\"https:\/\/www.radiopresidenteibanez.cl\/web\/serviu-instala-modulo-de-atencion-en-escuela-portugal-para-el-subsidio-de-arriendo-especial-clase-media\/\">Leer m\u00e1s<\/a><\/p>\n","protected":false},"author":2,"featured_media":14186,"comment_status":"closed","ping_status":"closed","sticky":false,"template":"","format":"standard","meta":{"footnotes":""},"categories":[1],"tags":[],"class_list":["post-14185","post","type-post","status-publish","format-standard","has-post-thumbnail","hentry","category-cronica"],"_links":{"self":[{"href":"https:\/\/www.radiopresidenteibanez.cl\/web\/wp-json\/wp\/v2\/posts\/14185","targetHints":{"allow":["GET"]}}],"collection":[{"href":"https:\/\/www.radiopresidenteibanez.cl\/web\/wp-json\/wp\/v2\/posts"}],"about":[{"href":"https:\/\/www.radiopresidenteibanez.cl\/web\/wp-json\/wp\/v2\/types\/post"}],"author":[{"embeddable":true,"href":"https:\/\/www.radiopresidenteibanez.cl\/web\/wp-json\/wp\/v2\/users\/2"}],"replies":[{"embeddable":true,"href":"https:\/\/www.radiopresidenteibanez.cl\/web\/wp-json\/wp\/v2\/comments?post=14185"}],"version-history":[{"count":0,"href":"https:\/\/www.radiopresidenteibanez.cl\/web\/wp-json\/wp\/v2\/posts\/14185\/revisions"}],"wp:featuredmedia":[{"embeddable":true,"href":"https:\/\/www.radiopresidenteibanez.cl\/web\/wp-json\/wp\/v2\/media\/14186"}],"wp:attachment":[{"href":"https:\/\/www.radiopresidenteibanez.cl\/web\/wp-json\/wp\/v2\/media?parent=14185"}],"wp:term":[{"taxonomy":"category","embeddable":true,"href":"https:\/\/www.radiopresidenteibanez.cl\/web\/wp-json\/wp\/v2\/categories?post=14185"},{"taxonomy":"post_tag","embeddable":true,"href":"https:\/\/www.radiopresidenteibanez.cl\/web\/wp-json\/wp\/v2\/tags?post=14185"}],"curies":[{"name":"wp","href":"https:\/\/api.w.org\/{rel}","templated":true}]}}