{"id":14182,"date":"2020-08-18T13:54:31","date_gmt":"2020-08-18T13:54:31","guid":{"rendered":"https:\/\/www.radiopresidenteibanez.cl\/web\/?p=14182"},"modified":"2020-08-18T13:54:35","modified_gmt":"2020-08-18T13:54:35","slug":"seremi-de-desarrollo-social-y-familia-junto-al-sistema-elige-vivir-sano-te-invitan-a-ser-parte-de-recetario-saludable","status":"publish","type":"post","link":"https:\/\/www.radiopresidenteibanez.cl\/web\/seremi-de-desarrollo-social-y-familia-junto-al-sistema-elige-vivir-sano-te-invitan-a-ser-parte-de-recetario-saludable\/","title":{"rendered":"SEREMI DE DESARROLLO SOCIAL Y FAMILIA JUNTO AL SISTEMA ELIGE VIVIR SANO TE INVITAN A SER PARTE DE RECETARIO SALUDABLE"},"content":{"rendered":"\n<p>La Seremi de Desarrollo Social y Familia de Magallanes y de la Ant\u00e1rtica Chilena junto al Sistema Elige Vivir Sano se encuentran organizando una iniciativa de recolecci\u00f3n de recetas saludables provenientes de la ciudadan\u00eda, con la finalidad de elaborar un recetario a nivel nacional.<\/p>\n\n\n\n<p>Este libro de recetas, que es parte de la Iniciativa Vida Saludable en Casa de Elige Vivir Sano, busca apoyar a las familias con ideas de preparaciones sencillas, cuyos principales ingredientes sean las verduras, legumbres, productos locales, y que sean una opci\u00f3n saludable, nutritiva y equilibrada.<\/p>\n\n\n\n<p>Para la Seremi Liz Casanueva, \u201cen esta pandemia se han cambiado los h\u00e1bitos alimenticios, debido a que las personas est\u00e1n cocinando m\u00e1s en casa, por ello invitamos a que la ciudadan\u00eda nos comparta sus recetas, ya sean las trasmitidas a trav\u00e9s de generaciones, o en el caso de quienes se atrevieron a crear nuevos platos\u201d.<\/p>\n\n\n\n<p>Por ello, la invitaci\u00f3n a la comunidad magall\u00e1nica es a compartir las mejores recetas saludables a trav\u00e9s del correo&nbsp;<a href=\"mailto:desarrollosocialmagallanes@gmail.com\" target=\"_blank\" rel=\"noreferrer noopener\">desarrollosocialmagallanes@gmail.com<\/a>, indicando el nombre del plato, los ingredientes utilizados, considerando una elaboraci\u00f3n para 4 personas, los pasos y finalmente una fotograf\u00eda de la preparaci\u00f3n. Las recetas ser\u00e1n recepcionadas hasta el mi\u00e9rcoles 26 de agosto de este a\u00f1o.<\/p>\n","protected":false},"excerpt":{"rendered":"<p>La Seremi de Desarrollo Social y Familia de Magallanes y de la Ant\u00e1rtica Chilena junto al Sistema Elige Vivir Sano se encuentran organizando una iniciativa de recolecci\u00f3n de recetas saludables&#8230; <a class=\"read-more\" href=\"https:\/\/www.radiopresidenteibanez.cl\/web\/seremi-de-desarrollo-social-y-familia-junto-al-sistema-elige-vivir-sano-te-invitan-a-ser-parte-de-recetario-saludable\/\">Leer m\u00e1s<\/a><\/p>\n","protected":false},"author":2,"featured_media":14183,"comment_status":"closed","ping_status":"closed","sticky":false,"template":"","format":"standard","meta":{"footnotes":""},"categories":[1],"tags":[],"class_list":["post-14182","post","type-post","status-publish","format-standard","has-post-thumbnail","hentry","category-cronica"],"_links":{"self":[{"href":"https:\/\/www.radiopresidenteibanez.cl\/web\/wp-json\/wp\/v2\/posts\/14182","targetHints":{"allow":["GET"]}}],"collection":[{"href":"https:\/\/www.radiopresidenteibanez.cl\/web\/wp-json\/wp\/v2\/posts"}],"about":[{"href":"https:\/\/www.radiopresidenteibanez.cl\/web\/wp-json\/wp\/v2\/types\/post"}],"author":[{"embeddable":true,"href":"https:\/\/www.radiopresidenteibanez.cl\/web\/wp-json\/wp\/v2\/users\/2"}],"replies":[{"embeddable":true,"href":"https:\/\/www.radiopresidenteibanez.cl\/web\/wp-json\/wp\/v2\/comments?post=14182"}],"version-history":[{"count":0,"href":"https:\/\/www.radiopresidenteibanez.cl\/web\/wp-json\/wp\/v2\/posts\/14182\/revisions"}],"wp:featuredmedia":[{"embeddable":true,"href":"https:\/\/www.radiopresidenteibanez.cl\/web\/wp-json\/wp\/v2\/media\/14183"}],"wp:attachment":[{"href":"https:\/\/www.radiopresidenteibanez.cl\/web\/wp-json\/wp\/v2\/media?parent=14182"}],"wp:term":[{"taxonomy":"category","embeddable":true,"href":"https:\/\/www.radiopresidenteibanez.cl\/web\/wp-json\/wp\/v2\/categories?post=14182"},{"taxonomy":"post_tag","embeddable":true,"href":"https:\/\/www.radiopresidenteibanez.cl\/web\/wp-json\/wp\/v2\/tags?post=14182"}],"curies":[{"name":"wp","href":"https:\/\/api.w.org\/{rel}","templated":true}]}}