{"id":14179,"date":"2020-08-18T13:51:15","date_gmt":"2020-08-18T13:51:15","guid":{"rendered":"https:\/\/www.radiopresidenteibanez.cl\/web\/?p=14179"},"modified":"2020-08-18T13:51:19","modified_gmt":"2020-08-18T13:51:19","slug":"municipalidad-finaliza-entrega-de-2-250-cajas-de-alimentos-en-puerto-natales","status":"publish","type":"post","link":"https:\/\/www.radiopresidenteibanez.cl\/web\/municipalidad-finaliza-entrega-de-2-250-cajas-de-alimentos-en-puerto-natales\/","title":{"rendered":"MUNICIPALIDAD FINALIZA ENTREGA DE 2.250 CAJAS DE ALIMENTOS EN PUERTO NATALES"},"content":{"rendered":"\n<p>El alcalde de\nNatales junto al gobernador de la provincia de \u00daltima Esperanza, informaron el\nt\u00e9rmino de la entrega de 2.250 canastas familiares del programa \u201cAlimentos para\nChile\u201d, proporcionadas para el mes de agosto.<\/p>\n\n\n\n<p>En ese\nsentido, el jefe comunal calific\u00f3 de exitosa esta entrega y destac\u00f3 la labor\nrealizada por los funcionarios durante m\u00e1s de cuatro meses.<\/p>\n\n\n\n<p>\u201cHemos hecho\nun trabajo bastante asertivo desde el punto de vista de poder entregar todas\nestas canastas de alimentos en los respectivos hogares de nuestra ciudad.\nTenemos un registro de canastas de alimentos rezagadas cuyas personas no se han\nencontrado en sus hogares, a ellos se les ha comunicado que vengan a retirar\nsus cajas de alimentos al polideportivo, estas personas son las m\u00ednimas y eso\nda cuenta del resultado positivo de este proceso\u201d, se\u00f1al\u00f3 el alcalde.<\/p>\n\n\n\n<p>Por su parte,\nel gobernador de \u00daltima Esperanza, Ra\u00fal Suazo Mardones, subray\u00f3 que la entrega\nde canastas se ha realizado sin ning\u00fan problema, y se enmarca dentro de todas\nlas ayudas sociales entregadas por el municipio y el gobierno. \u201cTodo se est\u00e1\nhaciendo tal cual lo indican los convenios, pero me parece que es un momento para\nse\u00f1alar que en funci\u00f3n de la pandemia Covid-19, y por lo ocurrido y lo que est\u00e1\nocurriendo en estos \u00faltimos d\u00edas a escala regional, es importante reiterar el\nllamado al autocuidado\u201d.<\/p>\n\n\n\n<p>Adem\u00e1s,\nFernando Paredes, a\u00f1adi\u00f3 que dado el \u00e9xito de la campa\u00f1a de entrega de Kits\nCovid-19 a los transportistas, se decidi\u00f3 replicar por tercera vez esta\niniciativa. \u201cVamos a entregar a todas las personas relacionadas con el\ntransporte p\u00fablico, principalmente taxi, taxi colectivo, transporte escolar y\ntaxi flete, desde este mi\u00e9rcoles de la presente semana en el gimnasio\npolideportivo, la entrega de un Kit Covid-19 que consiste en mascarillas,\nalcohol gel y guantes\u201d.<\/p>\n\n\n\n<p>Paralelo a\nestas ayudas, el municipio ha entregado 310 pagos de arriendos, 106 aportes\npara la boleta del gas, la entrega de 2.000 \u00fatiles de aseo, 3.000 Kits\nCovid-19, aportes para medicamentos, alimentaci\u00f3n especial y pa\u00f1ales para\nadultos.<\/p>\n\n\n\n<p>Finalmente, el edil agradeci\u00f3 el apoyo del Gobierno Regional a trav\u00e9s del Consejo Regional de Magallanes, quienes aprobaron la entrega de estos recursos para la compra de alimentos para las canastas familiares.<\/p>\n","protected":false},"excerpt":{"rendered":"<p>El alcalde de Natales junto al gobernador de la provincia de \u00daltima Esperanza, informaron el t\u00e9rmino de la entrega de 2.250 canastas familiares del programa \u201cAlimentos para Chile\u201d, proporcionadas para&#8230; <a class=\"read-more\" href=\"https:\/\/www.radiopresidenteibanez.cl\/web\/municipalidad-finaliza-entrega-de-2-250-cajas-de-alimentos-en-puerto-natales\/\">Leer m\u00e1s<\/a><\/p>\n","protected":false},"author":2,"featured_media":14180,"comment_status":"closed","ping_status":"closed","sticky":false,"template":"","format":"standard","meta":{"footnotes":""},"categories":[1],"tags":[],"class_list":["post-14179","post","type-post","status-publish","format-standard","has-post-thumbnail","hentry","category-cronica"],"_links":{"self":[{"href":"https:\/\/www.radiopresidenteibanez.cl\/web\/wp-json\/wp\/v2\/posts\/14179","targetHints":{"allow":["GET"]}}],"collection":[{"href":"https:\/\/www.radiopresidenteibanez.cl\/web\/wp-json\/wp\/v2\/posts"}],"about":[{"href":"https:\/\/www.radiopresidenteibanez.cl\/web\/wp-json\/wp\/v2\/types\/post"}],"author":[{"embeddable":true,"href":"https:\/\/www.radiopresidenteibanez.cl\/web\/wp-json\/wp\/v2\/users\/2"}],"replies":[{"embeddable":true,"href":"https:\/\/www.radiopresidenteibanez.cl\/web\/wp-json\/wp\/v2\/comments?post=14179"}],"version-history":[{"count":0,"href":"https:\/\/www.radiopresidenteibanez.cl\/web\/wp-json\/wp\/v2\/posts\/14179\/revisions"}],"wp:featuredmedia":[{"embeddable":true,"href":"https:\/\/www.radiopresidenteibanez.cl\/web\/wp-json\/wp\/v2\/media\/14180"}],"wp:attachment":[{"href":"https:\/\/www.radiopresidenteibanez.cl\/web\/wp-json\/wp\/v2\/media?parent=14179"}],"wp:term":[{"taxonomy":"category","embeddable":true,"href":"https:\/\/www.radiopresidenteibanez.cl\/web\/wp-json\/wp\/v2\/categories?post=14179"},{"taxonomy":"post_tag","embeddable":true,"href":"https:\/\/www.radiopresidenteibanez.cl\/web\/wp-json\/wp\/v2\/tags?post=14179"}],"curies":[{"name":"wp","href":"https:\/\/api.w.org\/{rel}","templated":true}]}}