{"id":14171,"date":"2020-08-17T17:03:14","date_gmt":"2020-08-17T17:03:14","guid":{"rendered":"https:\/\/www.radiopresidenteibanez.cl\/web\/?p=14171"},"modified":"2020-08-17T17:03:18","modified_gmt":"2020-08-17T17:03:18","slug":"con-aplicacion-de-realidad-aumentada-prroyecto-gef-castor-invita-a-aprender-sobre-las-especies-exoticas-invasoras","status":"publish","type":"post","link":"https:\/\/www.radiopresidenteibanez.cl\/web\/con-aplicacion-de-realidad-aumentada-prroyecto-gef-castor-invita-a-aprender-sobre-las-especies-exoticas-invasoras\/","title":{"rendered":"CON APLICACI\u00d3N DE REALIDAD AUMENTADA, PRROYECTO GEF CASTOR INVITA A APRENDER SOBRE LAS ESPECIES EX\u00d3TICAS INVASORAS"},"content":{"rendered":"\n<p>En tiempos de pandemia, es una\nsituaci\u00f3n que invita adem\u00e1s a reflexionar acerca de los riesgos de las\ninvasiones biol\u00f3gicas en distintos ambientes y ecosistemas. Una invasi\u00f3n\nbiol\u00f3gica es el fen\u00f3meno en el cual una especie introducida se asienta en un\ndeterminado espacio geogr\u00e1fico en el cual antes no se encontraba. En Magallanes,\nseg\u00fan lo determin\u00f3 el Cat\u00e1logo de Especies Ex\u00f3ticas Asilvestradas \/\nNaturalizadas en Chile, se identificaron 253 especies ex\u00f3ticas invasoras, tanto\nvegetales como animales, cuya presencia causa severos impactos en los\necosistemas: destrucci\u00f3n de ambientes, disminuci\u00f3n de biodiversidad, trasmisi\u00f3n\nde enfermedades, entre otros.<\/p>\n\n\n\n<p>El vis\u00f3n, el castor y la rata\nalmizclera, conforman una peligrosa triada de especies invasoras cuya\nsobrepoblaci\u00f3n ha afectado enormemente los ecosistemas de Tierra del Fuego, en\ndonde fueron introducidos en distintos momentos del siglo pasado, con fines\nsimilares: incentivar actividades econ\u00f3micas para impulsar el poblamiento.&nbsp; La interacci\u00f3n entre estas tres especies\nexplica, en parte, el \u00e9xito con el cual logran establecerse, potenciando los\nda\u00f1os que cada una provoca en forma separada. El castor modifica el ambiente al\nconstruir diques que generan lagunas de aguas l\u00e9nticas, que son un h\u00e1bitat\nideal para la rata almizclera. La rata constituye parte importante de la dieta\ndel vis\u00f3n, mam\u00edfero carn\u00edvoro que depreda aceleradamente la fauna nativa de los\nlugares donde se instala. <\/p>\n\n\n\n<p>La expansi\u00f3n de estas especies en\nel \u00e1rea continental de la Regi\u00f3n de Magallanes representa el riesgo de que sus\nperjuicios se repliquen y extiendan peligrosamente, afectando, por ejemplo,\n\u00e1reas de inter\u00e9s para la conservaci\u00f3n, como el humedal Tres Puentes, o \u00e1reas\nprotegidas como el Parque Nacional Torres del Paine.&nbsp; Los da\u00f1os que causan las especies ex\u00f3ticas\ninvasoras son la depredaci\u00f3n de especies nativas, la trasmisi\u00f3n de enfermedades\ny degradaci\u00f3n de h\u00e1bitats, entre otros.<\/p>\n\n\n\n<p>\u201cComprender la amenaza que las\ninvasiones biol\u00f3gicas representan para el medio ambiente es de vital\nimportancia para proteger el patrimonio natural de la Regi\u00f3n de Magallanes, y\npara ello es necesario aprender a reconocer estas especies, as\u00ed como tambi\u00e9n\nvalorar y reconocer las especies nativas de nuestra regi\u00f3n\u201d se\u00f1ala Felipe\nGuerra, coordinador nacional del proyecto GEF Castor, iniciativa que tiene como\nobjetivo definir una estrategia para manejar dicha especie invasora, que con su\nacci\u00f3n facilita el asentamiento del vis\u00f3n y la rata almizclera.<\/p>\n\n\n\n<p>Por su parte, el encargado\nregional de protecci\u00f3n de los recursos naturales renovables del Servicio\nAgr\u00edcola y Ganadero (SAG) Magallanes, Nicol\u00e1s Soto, indic\u00f3 que \u201cnos hemos\nreunido con la directiva y socios de agrupaci\u00f3n del humedal Tres Puentes, con\nel fin de recabar e intercambiar informaci\u00f3n particular sobre la rata\nalmizclera en dicho sitio. Se trat\u00f3 de un encuentro muy provechoso, donde, entre\notras materias, consensuamos la conveniencia de utilizar esta oportunidad para\nrealizar educaci\u00f3n ambiental en el lugar, tanto sobre rata almizclera como sobre\notras especies invasoras. A la fecha, ya preparamos y enviamos para su\nevaluaci\u00f3n un afiche con informaci\u00f3n y gr\u00e1fica visual. Otro acuerdo fue\nincorporar espec\u00edficamente a esta especie en el monitoreo de la poblaci\u00f3n que\ntanto la agrupaci\u00f3n como el SAG estamos realizando en el humedal con el\nprop\u00f3sito de reunir mayor informaci\u00f3n, identificar si se est\u00e1 produciendo alg\u00fan\ndisturbio nuevo y relevante asociado a esta especie y, en funci\u00f3n de lo\nanterior, pensar en eventuales medidas que pudiesen implementarse\u201d. <\/p>\n\n\n\n<p>Dado que estos animales presentan\nciertas similitudes morfol\u00f3gicas, quienes los avistan en la naturaleza podr\u00edan\nencontrar dificultades para distinguirlos. Adem\u00e1s, \u201ccomparten h\u00e1bitat con otras\nespecies que tambi\u00e9n se les parecen, pero que son nativas de estos ecosistemas\ny que en algunos casos est\u00e1n clasificados como especies En Peligro o Vulnerables,\ncomo el huill\u00edn, el chungungo y el coipo\u201d, se\u00f1ala Jonathan Lara, veterinario y\nasesor t\u00e9cnico del Proyecto GEF Castor.<\/p>\n\n\n\n<p>\u201cNo confundas\u201d es el nombre de\nuna aplicaci\u00f3n para tel\u00e9fonos m\u00f3viles que desarroll\u00f3 el Proyecto, y que permite\naprender a conocer estas especies, aprovechando las posibilidades de la\ntecnolog\u00eda 3D y la realidad aumentada. Al descargarla, es posible ver a los\nanimales desplegarse en tres dimensiones, como si formaran parte del lugar\ndonde se encuentra el usuario del tel\u00e9fono. \u201cSe trata de una experiencia muy\nentretenida, en la que se ha procurado presentar las caracter\u00edsticas m\u00e1s\ndistintivas de cada animal, al mismo tiempo que se fortalece el aprendizaje con\nuna breve gu\u00eda de identificaci\u00f3n\u201d detalla Felipe Guerra.&nbsp; <\/p>\n\n\n\n<p>Al utilizar la App, es posible\ndistinguir cu\u00e1les son las especies nativas de la Patagonia, y cu\u00e1les son las\ninvasoras y da\u00f1inas para estos ecosistemas. \u201cSe trata de una experiencia\ninteractiva muy entretenida y visual, ideal para aprender en familia en estos\ntiempos de pandemia\u201d, destaca Felipe Guerra. <\/p>\n\n\n\n<p>La App No Confundas est\u00e1\ndisponible para descarga gratuita a trav\u00e9s de Google Play y App Store. Esta\naplicaci\u00f3n es parte de un set de herramientas educativas que el Proyecto GEF\nCastor ha desarrollado, y que est\u00e1n disponibles en el sitio web <a href=\"https:\/\/gefcastor.mma.gob.cl\/material-educativo\/\">https:\/\/gefcastor.mma.gob.cl\/material-educativo\/<\/a><\/p>\n\n\n\n<p>El Proyecto \u201cFortalecimiento y\ndesarrollo de instrumentos para el manejo, prevenci\u00f3n y control del castor (<em>Castor\ncanadensis<\/em>), una especie ex\u00f3tica invasora en la Patagonia\u201d, conocido como\nGEF Castor, es ejecutado por el Ministerio de Medio Ambiente y financiado por\nel Global Environment Facility (GEF), a trav\u00e9s de la Organizaci\u00f3n de las\nNaciones Unidas para la Alimentaci\u00f3n y la Agricultura (FAO).<\/p>\n","protected":false},"excerpt":{"rendered":"<p>En tiempos de pandemia, es una situaci\u00f3n que invita adem\u00e1s a reflexionar acerca de los riesgos de las invasiones biol\u00f3gicas en distintos ambientes y ecosistemas. Una invasi\u00f3n biol\u00f3gica es el&#8230; <a class=\"read-more\" href=\"https:\/\/www.radiopresidenteibanez.cl\/web\/con-aplicacion-de-realidad-aumentada-prroyecto-gef-castor-invita-a-aprender-sobre-las-especies-exoticas-invasoras\/\">Leer m\u00e1s<\/a><\/p>\n","protected":false},"author":2,"featured_media":14172,"comment_status":"closed","ping_status":"closed","sticky":false,"template":"","format":"standard","meta":{"footnotes":""},"categories":[1],"tags":[],"class_list":["post-14171","post","type-post","status-publish","format-standard","has-post-thumbnail","hentry","category-cronica"],"_links":{"self":[{"href":"https:\/\/www.radiopresidenteibanez.cl\/web\/wp-json\/wp\/v2\/posts\/14171","targetHints":{"allow":["GET"]}}],"collection":[{"href":"https:\/\/www.radiopresidenteibanez.cl\/web\/wp-json\/wp\/v2\/posts"}],"about":[{"href":"https:\/\/www.radiopresidenteibanez.cl\/web\/wp-json\/wp\/v2\/types\/post"}],"author":[{"embeddable":true,"href":"https:\/\/www.radiopresidenteibanez.cl\/web\/wp-json\/wp\/v2\/users\/2"}],"replies":[{"embeddable":true,"href":"https:\/\/www.radiopresidenteibanez.cl\/web\/wp-json\/wp\/v2\/comments?post=14171"}],"version-history":[{"count":0,"href":"https:\/\/www.radiopresidenteibanez.cl\/web\/wp-json\/wp\/v2\/posts\/14171\/revisions"}],"wp:featuredmedia":[{"embeddable":true,"href":"https:\/\/www.radiopresidenteibanez.cl\/web\/wp-json\/wp\/v2\/media\/14172"}],"wp:attachment":[{"href":"https:\/\/www.radiopresidenteibanez.cl\/web\/wp-json\/wp\/v2\/media?parent=14171"}],"wp:term":[{"taxonomy":"category","embeddable":true,"href":"https:\/\/www.radiopresidenteibanez.cl\/web\/wp-json\/wp\/v2\/categories?post=14171"},{"taxonomy":"post_tag","embeddable":true,"href":"https:\/\/www.radiopresidenteibanez.cl\/web\/wp-json\/wp\/v2\/tags?post=14171"}],"curies":[{"name":"wp","href":"https:\/\/api.w.org\/{rel}","templated":true}]}}