{"id":14168,"date":"2020-08-17T17:01:18","date_gmt":"2020-08-17T17:01:18","guid":{"rendered":"https:\/\/www.radiopresidenteibanez.cl\/web\/?p=14168"},"modified":"2020-08-17T17:01:22","modified_gmt":"2020-08-17T17:01:22","slug":"concejal-arturo-diaz-acusa-intento-de-amedrentamiento-por-parte-de-familiar-de-seremi-de-salud","status":"publish","type":"post","link":"https:\/\/www.radiopresidenteibanez.cl\/web\/concejal-arturo-diaz-acusa-intento-de-amedrentamiento-por-parte-de-familiar-de-seremi-de-salud\/","title":{"rendered":"CONCEJAL ARTURO D\u00cdAZ ACUSA INTENTO DE AMEDRENTAMIENTO POR PARTE DE FAMILIAR DE SEREMI DE SALUD"},"content":{"rendered":"\n<p>El pasado d\u00eda 13 de Agosto el concejal Arturo D\u00edaz,\nque preside la comisi\u00f3n de salud del concejo municipal y adem\u00e1s es enfermero\ndel sistema de atenci\u00f3n m\u00e9dico de urgencia ( SAMU), recibi\u00f3 por parte de su empleador,\nel Servicio de Salud Magallanes, la informaci\u00f3n que hab\u00eda ingresado una solicitud\na trav\u00e9s del portal de transparencia pidiendo antecedentes acerca de \u201clos\neventuales beneficios que utiliza por ocupar puesto de concejal\u201d , como as\u00ed\nmismo antecedentes de su registro de asistencia, lo anterior pudiera parecer\nalgo totalmente normal, pero llam\u00f3 la atenci\u00f3n que el requirente sea el m\u00e9dico\nRa\u00fal Mart\u00ednez, esposo de la SEREMI de Salud nuestra regi\u00f3n Mariela Rojas, justo\ndurante la semana en que el concejal ha sido bastante cr\u00edtico de la negativa de\nla SEREMI de reunirse con el concejo municipal y por otra parte de las medidas\nadoptadas para el control de la pandemia que a su juicio han sido insuficientes.\n<\/p>\n\n\n\n<p>Ra\u00fal Mart\u00ednez, quien fue SEREMI de salud de Atacama\ndurante el primer periodo del presidente Sebasti\u00e1n Pi\u00f1era, debi\u00f3 renunciar a\ndicho cargo luego de haber firmado la resoluci\u00f3n de reapertura de la mina San\nJos\u00e9 en julio de 2010, luego de que se detuvieran las faenas por el grave\naccidente de un trabajador, posterior a dicha resoluci\u00f3n, que permiti\u00f3 la\nreapertura de la mina, ocurri\u00f3 el recordado accidente de los treinta y tres\nmineros.<\/p>\n\n\n\n<p><br>\nAl respecto el concejal D\u00edaz manifest\u00f3 \u201c Lo primero\nque debo dejar en claro es que cualquier ciudadano tiene absolutamente todo el\nderecho de requerir cualquier informaci\u00f3n acerca de todos los que somos\nfuncionarios p\u00fablicos lo cual es una excelente medida ya que ha permitido\ndetectar un n\u00famero importante de irregularidades, en este caso lo que me llama\nla atenci\u00f3n es que lo haga el marido de la SEREMI de salud, justo en una semana\nen que he sido bastante cr\u00edtico de su gesti\u00f3n y se han producido una serie de\ndesencuentros debido a la negativa de la SEREMI a reunirse con el concejo\nmunicipal. <\/p>\n\n\n\n<p>Creo que lo busca esta acci\u00f3n es amedrentarme,\nenviar un camuflado mensaje de t\u00e9 estamos vigilando para evitar que siga\nemitiendo opiniones como autoridad comunal, siempre de frente y sin miedo, si\nese es el objetivo, no se cumpli\u00f3, porque no callar\u00e9 ante la soberbia y la\nfalta de medidas que protejan efectivamente a la poblaci\u00f3n\u201d.<\/p>\n\n\n\n<p><br>\nPara finalizar manifest\u00f3 \u201cEspero que mi empleador,\nel servicio de salud Magallanes, entregue a la brevedad todos los antecedentes solicitados\npor el Dr. Mart\u00ednez para que pueda aclarar todas sus dudas, pero es lamentable\nque a trav\u00e9s de estas acciones se busque acallar la voz de los representantes\ndemocr\u00e1ticamente elegidos por la ciudadan\u00eda. <\/p>\n\n\n\n<p>Aprovecho de hacer un llamado a las autoridades de\nSalud de nuestra regi\u00f3n a preocuparse de los temas realmente importantes, que\nse abran al di\u00e1logo, a escuchar las cr\u00edticas y tambi\u00e9n acoger las propuestas,\nde sus acciones depende la vida de todas y todos los Magall\u00e1nicos y no deben\ndistraer su tiempo en acciones que en nada conducen a disminuir los altos\nniveles de contagio de nuestra regi\u00f3n, la comisi\u00f3n de salud del concejo\nmunicipal tiene las puertas abiertas, como siempre ha sido, para trabajar en\nconjunto por el bien de toda la ciudadan\u00eda.\u201d Finalizo diciendo.<\/p>\n","protected":false},"excerpt":{"rendered":"<p>El pasado d\u00eda 13 de Agosto el concejal Arturo D\u00edaz, que preside la comisi\u00f3n de salud del concejo municipal y adem\u00e1s es enfermero del sistema de atenci\u00f3n m\u00e9dico de urgencia&#8230; <a class=\"read-more\" href=\"https:\/\/www.radiopresidenteibanez.cl\/web\/concejal-arturo-diaz-acusa-intento-de-amedrentamiento-por-parte-de-familiar-de-seremi-de-salud\/\">Leer m\u00e1s<\/a><\/p>\n","protected":false},"author":2,"featured_media":14169,"comment_status":"closed","ping_status":"closed","sticky":false,"template":"","format":"standard","meta":{"footnotes":""},"categories":[1],"tags":[],"class_list":["post-14168","post","type-post","status-publish","format-standard","has-post-thumbnail","hentry","category-cronica"],"_links":{"self":[{"href":"https:\/\/www.radiopresidenteibanez.cl\/web\/wp-json\/wp\/v2\/posts\/14168","targetHints":{"allow":["GET"]}}],"collection":[{"href":"https:\/\/www.radiopresidenteibanez.cl\/web\/wp-json\/wp\/v2\/posts"}],"about":[{"href":"https:\/\/www.radiopresidenteibanez.cl\/web\/wp-json\/wp\/v2\/types\/post"}],"author":[{"embeddable":true,"href":"https:\/\/www.radiopresidenteibanez.cl\/web\/wp-json\/wp\/v2\/users\/2"}],"replies":[{"embeddable":true,"href":"https:\/\/www.radiopresidenteibanez.cl\/web\/wp-json\/wp\/v2\/comments?post=14168"}],"version-history":[{"count":0,"href":"https:\/\/www.radiopresidenteibanez.cl\/web\/wp-json\/wp\/v2\/posts\/14168\/revisions"}],"wp:featuredmedia":[{"embeddable":true,"href":"https:\/\/www.radiopresidenteibanez.cl\/web\/wp-json\/wp\/v2\/media\/14169"}],"wp:attachment":[{"href":"https:\/\/www.radiopresidenteibanez.cl\/web\/wp-json\/wp\/v2\/media?parent=14168"}],"wp:term":[{"taxonomy":"category","embeddable":true,"href":"https:\/\/www.radiopresidenteibanez.cl\/web\/wp-json\/wp\/v2\/categories?post=14168"},{"taxonomy":"post_tag","embeddable":true,"href":"https:\/\/www.radiopresidenteibanez.cl\/web\/wp-json\/wp\/v2\/tags?post=14168"}],"curies":[{"name":"wp","href":"https:\/\/api.w.org\/{rel}","templated":true}]}}