{"id":14166,"date":"2020-08-17T15:14:00","date_gmt":"2020-08-17T15:14:00","guid":{"rendered":"https:\/\/www.radiopresidenteibanez.cl\/web\/?p=14166"},"modified":"2020-08-17T15:14:04","modified_gmt":"2020-08-17T15:14:04","slug":"conformacion-comando-mujeres-yo-apruebo","status":"publish","type":"post","link":"https:\/\/www.radiopresidenteibanez.cl\/web\/conformacion-comando-mujeres-yo-apruebo\/","title":{"rendered":"CONFORMACI\u00d3N COMANDO MUJERES \u201cYO APRUEBO\u201d"},"content":{"rendered":"\n<p>En octubre del\n2020 se nos convoca a uno de los hitos m\u00e1s significativos del proceso\nconstituyente: seremos parte del plebiscito que nos permitir\u00e1 avanzar hacia la\nConvenci\u00f3n&nbsp; Constituyente Paritaria y\nPlurinacional. <\/p>\n\n\n\n<p>Este proceso\nconstituyente es una&nbsp; conquista social y\npol\u00edtica, que se hizo posible debido a una amplia y sostenida movilizaci\u00f3n\nciudadana, ese fue el empuje que determin\u00f3 que se realizara un acuerdo a fines\ndel a\u00f1o pasado, con fecha&nbsp; 15 de\nnoviembre.<\/p>\n\n\n\n<p>Hoy es\nnecesario defender esa conquista, trabajando para asegurar una amplia y masiva\nparticipaci\u00f3n ciudadana,&nbsp; las mujeres\ncomprendemos que para dar cuerpo a este prop\u00f3sito requerimos de una s\u00f3lida\nmayor\u00eda sociopol\u00edtica y&nbsp;&nbsp; asumimos el\ndeber de trabajar de forma unitaria para garantizar la realizaci\u00f3n del\nplebiscito y ganarlo de forma clara y categ\u00f3rica.<\/p>\n\n\n\n<p>Puestas&nbsp; en esta situaci\u00f3n hist\u00f3rica,&nbsp; las mujeres de oposici\u00f3n en su leg\u00edtima y\namplia diversidad, al igual que en 1988, unimos fuerzas junto al movimiento\nsocial&nbsp; para enfrentar este magn\u00edfico\nevento democr\u00e1tico y lograr dotar a nuestro pa\u00eds y a las mujeres y ni\u00f1as de\nnuestra naci\u00f3n de una nueva constituci\u00f3n que les garantice el derecho a una\nvida libre de violencia, a la salud sexual y reproductiva, que reconozca\nnuestro derecho a decidir y a estar en los espacios de decisi\u00f3n. Para nosotras\neste proceso es una oportunidad que permitir\u00e1 incorporar en toda su magnitud el\nprincipio de la igualdad de g\u00e9nero.<\/p>\n\n\n\n<p>Hemos vivido\nen estos \u00faltimos meses una situaci\u00f3n general (emergencia sanitaria) que ha dejado,\nsin tapujos, al descubierto las brutales desigualdades que se viven en nuestro\npa\u00eds, y como \u00e9stas se expresan en la vida de quienes pertenecen a los sectores\nm\u00e1s desprotegidos, as\u00ed mismo, asistimos hoy, con dolor y asombro, a lo que est\u00e1\nocurriendo con el pueblo originario en la Regi\u00f3n de la Araucan\u00eda.<\/p>\n\n\n\n<p>Por estas y\notras razones<\/p>\n\n\n\n<p><strong>Nuestra Nueva Constituci\u00f3n, debe ser el sustento de\nuna nueva construcci\u00f3n social, econ\u00f3mica y pol\u00edtica que asegure a todas\/es\/os,\ndesde una perspectiva de derechos, la igualdad, el respeto, el reconocimiento,\nla equidad y el equilibrio.<\/strong><\/p>\n\n\n\n<p><strong>A trabajar para que as\u00ed sea.<\/strong><\/p>\n\n\n\n<p>Se conforma\nhoy, con las abajo firmantes,&nbsp; el Comando\nde Mujeres de Oposici\u00f3n por el \u201cYo Apruebo\u201d.&nbsp;\nS\u00e1bado 15 de agosto 2020. 18:30 hrs. <\/p>\n\n\n\n<p>Marta Mattus\nMillar, Equipo Vicepresidencia de la Mujer PS <\/p>\n\n\n\n<p>Mar\u00eda Paz\nAguilar, Secretaria Regional y Coordinadora Regional de G\u00e9nero PR <\/p>\n\n\n\n<p>Alejandra\nRubilar Ruiz, Encargada Secretar\u00eda de la Mujer PPD <\/p>\n\n\n\n<p>Gloria Chodil\nIvanovic, Presidenta Regional&nbsp; DC <\/p>\n\n\n\n<p>Doris Manquian\nVicepresidenta de la Mujer PS <\/p>\n\n\n\n<p>Marisol\nAndrade Cardenas Alcaldesa Comuna Porvenir DC<\/p>\n\n\n\n<p>Hina\nCarabantes Hern\u00e1ndez, Consejera General PR<\/p>\n\n\n\n<p>Yessenia\nMaribel Mancilla D\u00edaz, Independiente<\/p>\n\n\n\n<p>Daniela Diaz\nMayorga, Secretaria regional PPD <\/p>\n\n\n\n<p>Ninen G\u00f3mez\nVillegas, Vicepresidenta de la Mujer DC<\/p>\n\n\n\n<p>Viviana\nBarrera Huenuman,&nbsp; Militante PS <\/p>\n\n\n\n<p>Maritza Oyarzo\nQuilahuilque, Presidenta Regional PPD<\/p>\n\n\n\n<p>Idilia\nLlaiquel Vera, Primera Vicepresidenta Comunal Punta Arenas DC <\/p>\n\n\n\n<p>Karina\nArizmendy Carilao, Consejera Regional PR<\/p>\n\n\n\n<p>Ver\u00f3nica P\u00e9rez\nZapata, Independiente<\/p>\n\n\n\n<p>Milena\nYankovic Kusic, Consejera Regional PPD&nbsp; <\/p>\n\n\n\n<p>Teresa Soto\nKirk, Vicepresidenta Comunal Punta Arenas DC <\/p>\n\n\n\n<p>Ruth Godoy\nVel\u00e1squez, Militante&nbsp; PS<\/p>\n\n\n\n<p>Paola\nValenzuela Pino, Militante PR<\/p>\n\n\n\n<p>Claudia Paola\nBarrientos S\u00e1nchez, Directiva Nacional PPD<\/p>\n\n\n\n<p>Norma Sobarzo\nAlvarado, Independiente<\/p>\n\n\n\n<p>Ingrid Lobos,\nEncargada Electoral DC,<\/p>\n\n\n\n<p>Belgica\nArizmendy Carilao, Militante PR<\/p>\n\n\n\n<p>Sonia\nCaipillan, Vicepresidenta de la Mujer Comunal Puerto Natales PS&nbsp; <\/p>\n\n\n\n<p>Sandra\nAllendes, Secretaria Comunal Porvenir DC <\/p>\n\n\n\n<p>Jovita\nMontecinos, Militante PS<\/p>\n\n\n\n<p>Miriam P\u00e9rez\nBahamonde, Militante PPD<\/p>\n\n\n\n<p>Paola Suazo\nChulz, Presidenta Comunal Puerto Natales PS<\/p>\n\n\n\n<p>Sara Alejandra\nMiranda Toledo, Militante PR<\/p>\n\n\n\n<p><strong><em>COMANDO MUJERES \u201cYO APRUEBO\u201d<\/em><\/strong><\/p>\n","protected":false},"excerpt":{"rendered":"<p>En octubre del 2020 se nos convoca a uno de los hitos m\u00e1s significativos del proceso constituyente: seremos parte del plebiscito que nos permitir\u00e1 avanzar hacia la Convenci\u00f3n&nbsp; Constituyente Paritaria&#8230; <a class=\"read-more\" href=\"https:\/\/www.radiopresidenteibanez.cl\/web\/conformacion-comando-mujeres-yo-apruebo\/\">Leer m\u00e1s<\/a><\/p>\n","protected":false},"author":2,"featured_media":740,"comment_status":"closed","ping_status":"closed","sticky":false,"template":"","format":"standard","meta":{"footnotes":""},"categories":[1],"tags":[],"class_list":["post-14166","post","type-post","status-publish","format-standard","has-post-thumbnail","hentry","category-cronica"],"_links":{"self":[{"href":"https:\/\/www.radiopresidenteibanez.cl\/web\/wp-json\/wp\/v2\/posts\/14166","targetHints":{"allow":["GET"]}}],"collection":[{"href":"https:\/\/www.radiopresidenteibanez.cl\/web\/wp-json\/wp\/v2\/posts"}],"about":[{"href":"https:\/\/www.radiopresidenteibanez.cl\/web\/wp-json\/wp\/v2\/types\/post"}],"author":[{"embeddable":true,"href":"https:\/\/www.radiopresidenteibanez.cl\/web\/wp-json\/wp\/v2\/users\/2"}],"replies":[{"embeddable":true,"href":"https:\/\/www.radiopresidenteibanez.cl\/web\/wp-json\/wp\/v2\/comments?post=14166"}],"version-history":[{"count":0,"href":"https:\/\/www.radiopresidenteibanez.cl\/web\/wp-json\/wp\/v2\/posts\/14166\/revisions"}],"wp:featuredmedia":[{"embeddable":true,"href":"https:\/\/www.radiopresidenteibanez.cl\/web\/wp-json\/wp\/v2\/media\/740"}],"wp:attachment":[{"href":"https:\/\/www.radiopresidenteibanez.cl\/web\/wp-json\/wp\/v2\/media?parent=14166"}],"wp:term":[{"taxonomy":"category","embeddable":true,"href":"https:\/\/www.radiopresidenteibanez.cl\/web\/wp-json\/wp\/v2\/categories?post=14166"},{"taxonomy":"post_tag","embeddable":true,"href":"https:\/\/www.radiopresidenteibanez.cl\/web\/wp-json\/wp\/v2\/tags?post=14166"}],"curies":[{"name":"wp","href":"https:\/\/api.w.org\/{rel}","templated":true}]}}