{"id":14163,"date":"2020-08-17T14:19:24","date_gmt":"2020-08-17T14:19:24","guid":{"rendered":"https:\/\/www.radiopresidenteibanez.cl\/web\/?p=14163"},"modified":"2020-08-17T14:19:28","modified_gmt":"2020-08-17T14:19:28","slug":"participacion-en-tiempos-de-pandemia-por-paola-fernandez-galvez","status":"publish","type":"post","link":"https:\/\/www.radiopresidenteibanez.cl\/web\/participacion-en-tiempos-de-pandemia-por-paola-fernandez-galvez\/","title":{"rendered":"PARTICIPACI\u00d3N EN TIEMPOS DE PANDEMIA por Paola Fern\u00e1ndez G\u00e1lvez"},"content":{"rendered":"\n<p>Esta semana la Sala del Senado despach\u00f3 el\n&nbsp;proyecto que permite que el Servicio Electoral de Chile &nbsp;pueda dictar -sin necesidad de hacer\nmodificaciones legales en cada caso- medidas que permitan realizar un plebiscito\nde manera segura en medio de la emergencia sanitaria.<\/p>\n\n\n\n<p>Plebiscito seguro y\nparticipativo, escuchamos en voces de distintos actores pol\u00edticos , &nbsp;&nbsp;que a\nratos parece ser m\u00e1s un slogan &nbsp;que una\nmeta,&nbsp; ya que anterior a estas\ncondicionantes, se debe tomar medidas &nbsp;que puedan garantizar que los ciudadanos\npodamos concurrir con&nbsp; tranquilidad&nbsp; y certidumbres a sufragar , con&nbsp; acciones comunicacionales , sanitarias y\nlog\u00edsticas claras .<\/p>\n\n\n\n<p>Es as\u00ed, &nbsp;&nbsp;como las organizaciones de la sociedad\ncivil y redes profesionales plantean ante el Servel&nbsp; &nbsp;colaborar para que\nexista&nbsp; una toma de decisiones amplia,\ninformada, inclusiva, que sume diversidad de voces y contribuya a generar una\npercepci\u00f3n positiva sobre las medidas para celebrar el plebiscito.<\/p>\n\n\n\n<p>A 70 d\u00edas de la elecci\u00f3n,\n&nbsp;el Plan paso a paso parece ser\ninsuficiente , &nbsp;por ello , debe primar el\nmanejo eficiente de la pandemia&nbsp; , &nbsp;&nbsp;&nbsp;es tiempo\nde enmendar la evidente falta de dialogo que ha existido en los distintos\nniveles &nbsp;territoriales, as\u00ed avanzar al &nbsp;control efectivo ,&nbsp; se &nbsp;echa de menos la validaci\u00f3n &nbsp;de instancias locales con la presencia de\nexpertos, autoridades y sociedad civil, m\u00e1s all\u00e1 de deslindar culpas o\nresponsabilidades de una vereda a otra, la magnitud esta emergencia requiere de\nescuchar con &nbsp;humildad &nbsp;y comprensi\u00f3n . Los actuales datos&nbsp; de contagios en nuestra regi\u00f3n, el\nrelativismo&nbsp; y hasta a veces exitismo\ncomunicacional&nbsp; son se\u00f1ales equivocas,\nque solo aportan a la profundizaci\u00f3n de la desconfianza.<\/p>\n\n\n\n<p>Una&nbsp; mezquina cuenta &nbsp;si se quiere&nbsp;\nponer&nbsp; un&nbsp; manto de sospechas , miedos &nbsp;sobre la realizaci\u00f3n del esperanzador&nbsp; proceso deliberativo, parad\u00f3jico &nbsp;que tenga m\u00e1s riesgos ir a votar que&nbsp; al supermercado.<\/p>\n\n\n\n<p>&nbsp;Hay&nbsp;medidas &nbsp;urgentes que deben asumir, para combatir la\namenaza de manipulaci\u00f3n que representa la desinformaci\u00f3n, sabido es, que esto tiene\n&nbsp;efectos directos &nbsp;sobre la &nbsp;concurrencia &nbsp;&nbsp;a votar&nbsp;&nbsp;\ndonde menos participaci\u00f3n electoral hay, &nbsp;grupos y territorios vulnerables.<\/p>\n\n\n\n<p>En la misma l\u00ednea\npendiente &nbsp;est\u00e1, &nbsp;normar el avisaje en plataformas online,&nbsp; el financiamiento privado, transparencia y\ncontrol del gasto electoral. Temas que se desdibujan en la vor\u00e1gine de la\nemergencia.<\/p>\n\n\n\n<p>El plebiscito de octubre es una de las 154\nvotaciones que se har\u00e1n este a\u00f1o en el mundo, entre los meses de&nbsp; enero a&nbsp;\nagosto se han celebrado 58 elecciones, no &nbsp;existiendo &nbsp;&nbsp;evidencia que&nbsp;\nen esos&nbsp; &nbsp;lugares&nbsp;\nhaya &nbsp;mayores contagios,\nhospitalizaciones o muertes por Covid 19.<\/p>\n\n\n\n<p>La&nbsp; legitimidad&nbsp;\nde este proceso electoral, depender\u00e1 de las condiciones de seguridad e\ninformaci\u00f3n en el cual se desarrolle,&nbsp; &nbsp;en el contexto de &nbsp;debilitamiento de la confianza en las\ninstituciones tradicionales de la democracia representativa, &nbsp;&nbsp;se debiese impulsar una fuerte iniciativa de la\nsociedad civil, autoridades de gobierno y de los partidos pol\u00edticos para\nfomentar una masiva participaci\u00f3n.<\/p>\n\n\n\n<p>A casi 4 d\u00e9cadas del\noscuro &nbsp;plebiscito del 80&nbsp; , es un imperativo \u00e9tico hacer los esfuerzos\nen unidad&nbsp; para que obtenga amplia\nmayor\u00eda&nbsp; la opci\u00f3n &nbsp;<em>Apruebo<\/em>\n,&nbsp; pues&nbsp;\nnos debemos &nbsp;como sociedad\neste&nbsp; reencuentro, la posibilidad de\nopinar&nbsp; , abrir el camino para discutir\nsobre los temas sustantivos&nbsp; &nbsp;y &nbsp;que a\ntrav\u00e9s del proceso constituyente&nbsp; cada\nciudadana\/o&nbsp;&nbsp; deje su huella&nbsp; en la &nbsp;nueva constituci\u00f3n<\/p>\n\n\n\n<p><strong>Paola Fern\u00e1ndez\nG\u00e1lvez<\/strong><\/p>\n\n\n\n<p><strong>Licenciada en\nCiencias Pol\u00edticas <\/strong><\/p>\n\n\n\n<p><strong>Colectivo\nVanguardia Comunitaria<\/strong><\/p>\n","protected":false},"excerpt":{"rendered":"<p>Esta semana la Sala del Senado despach\u00f3 el &nbsp;proyecto que permite que el Servicio Electoral de Chile &nbsp;pueda dictar -sin necesidad de hacer modificaciones legales en cada caso- medidas que&#8230; <a class=\"read-more\" href=\"https:\/\/www.radiopresidenteibanez.cl\/web\/participacion-en-tiempos-de-pandemia-por-paola-fernandez-galvez\/\">Leer m\u00e1s<\/a><\/p>\n","protected":false},"author":2,"featured_media":14164,"comment_status":"closed","ping_status":"closed","sticky":false,"template":"","format":"standard","meta":{"footnotes":""},"categories":[1],"tags":[],"class_list":["post-14163","post","type-post","status-publish","format-standard","has-post-thumbnail","hentry","category-cronica"],"_links":{"self":[{"href":"https:\/\/www.radiopresidenteibanez.cl\/web\/wp-json\/wp\/v2\/posts\/14163","targetHints":{"allow":["GET"]}}],"collection":[{"href":"https:\/\/www.radiopresidenteibanez.cl\/web\/wp-json\/wp\/v2\/posts"}],"about":[{"href":"https:\/\/www.radiopresidenteibanez.cl\/web\/wp-json\/wp\/v2\/types\/post"}],"author":[{"embeddable":true,"href":"https:\/\/www.radiopresidenteibanez.cl\/web\/wp-json\/wp\/v2\/users\/2"}],"replies":[{"embeddable":true,"href":"https:\/\/www.radiopresidenteibanez.cl\/web\/wp-json\/wp\/v2\/comments?post=14163"}],"version-history":[{"count":0,"href":"https:\/\/www.radiopresidenteibanez.cl\/web\/wp-json\/wp\/v2\/posts\/14163\/revisions"}],"wp:featuredmedia":[{"embeddable":true,"href":"https:\/\/www.radiopresidenteibanez.cl\/web\/wp-json\/wp\/v2\/media\/14164"}],"wp:attachment":[{"href":"https:\/\/www.radiopresidenteibanez.cl\/web\/wp-json\/wp\/v2\/media?parent=14163"}],"wp:term":[{"taxonomy":"category","embeddable":true,"href":"https:\/\/www.radiopresidenteibanez.cl\/web\/wp-json\/wp\/v2\/categories?post=14163"},{"taxonomy":"post_tag","embeddable":true,"href":"https:\/\/www.radiopresidenteibanez.cl\/web\/wp-json\/wp\/v2\/tags?post=14163"}],"curies":[{"name":"wp","href":"https:\/\/api.w.org\/{rel}","templated":true}]}}