{"id":14160,"date":"2020-08-17T14:12:14","date_gmt":"2020-08-17T14:12:14","guid":{"rendered":"https:\/\/www.radiopresidenteibanez.cl\/web\/?p=14160"},"modified":"2020-08-17T14:12:17","modified_gmt":"2020-08-17T14:12:17","slug":"pulso-sindical-diario-de-la-cgt-chile-4","status":"publish","type":"post","link":"https:\/\/www.radiopresidenteibanez.cl\/web\/pulso-sindical-diario-de-la-cgt-chile-4\/","title":{"rendered":"PULSO SINDICAL DIARIO DE LA CGT CHILE"},"content":{"rendered":"\n<p>1.- \u00bfCu\u00e1l ser\u00e1 el monto del pr\u00f3ximo ingreso m\u00ednimo por el\nque ya se iniciaron conversaciones?<\/p>\n\n\n\n<p>Por ahora debemos tener claro que los \u00faltimos 2 ingresos\nm\u00ednimos fijados, implicaron un aumento de $25.000 en el periodo 1\/1\/2018 al\n1\/3\/2019 y de $19.000 para el periodo 1\/3\/2019 y hasta el 1\/3\/2020. <\/p>\n\n\n\n<p>O sea, los \u00faltimos 2 ingresos m\u00ednimos aumentaron en\npromedio&nbsp; $22.000 cada a\u00f1o.<\/p>\n\n\n\n<p>En la actualidad y desde el 1\/3\/2020 el monto del ingreso\nm\u00ednimo es de&nbsp; $320.500 y lo reciben\naquellos que trabajan la jornada completa de 45 horas semanales y tienen entre\n18 y 65 a\u00f1os de edad.<\/p>\n\n\n\n<p>2.- Desde el mes de mayo de 2020, se encuentra vigente la\nley 21.218 que crea un subsidio mensual&nbsp;\nde cargo fiscal, para todos los trabajadores que tengan contrato de\njornada completa y que perciban una remuneraci\u00f3n mensual bruta inferior a\n$384.363.<\/p>\n\n\n\n<p>M\u00e1s all\u00e1 de la serie de requisitos y normas implicadas en la\nley para acceder al subsidio, en t\u00e9rminos simples se trata de que el Estado\npagar\u00e1 a cada trabajador que cumpla los requisitos, la diferencia entre\n$320.500(que es el ingreso m\u00ednimo vigente) y los $384.363 ya indicados,\nsubvencionando a los patrones que as\u00ed ven como mejoran en algo los sueldos de\nsus trabajadores, sin poner ni uno. <\/p>\n\n\n\n<p>3.- \u00bfEntonces, a cu\u00e1nto puede llegar el monto del pr\u00f3ximo ingreso\nm\u00ednimo? <\/p>\n\n\n\n<p>Si solo utiliz\u00e1ramos para el c\u00e1lculo los valores aqu\u00ed\nindicados, el pr\u00f3ximo ingreso m\u00ednimo debiera aumentar al menos en $22.000,\nllegando a $ 342.500 y debiera regir por al menos un a\u00f1o.<\/p>\n\n\n\n<p>Si as\u00ed ocurriera, la subvenci\u00f3n fiscal disminuir\u00e1 en la\nmisma proporci\u00f3n que aumente el ingreso m\u00ednimo, ya que esta se mantendr\u00e1 hasta\nel 31 de diciembre de 2023 seg\u00fan establece la ley 21218.<\/p>\n\n\n\n<p>Hasta entonces &#8211; diciembre de 2023 &#8211; es poco probable que el\nmonto del ingreso m\u00ednimo alcance o supere los $ 384.363 brutos.<\/p>\n\n\n\n<p>4.- Cualquiera sea el monto definitivo, incluso si superara\nlos montos aqu\u00ed expuestos, queda claro que el pr\u00f3ximo ingreso m\u00ednimo mantendr\u00e1\na cientos de miles de trabajadores en niveles de sobrevivencia. <\/p>\n\n\n\n<p>Lo que resulta m\u00e1s dram\u00e1tico, es que ser\u00e1n muchos los que\ntrabajen jornadas inferiores a la establecida en la ley, con sueldos inferiores\nal ingreso m\u00ednimo legal y sin posibilidad de subsidio fiscal, por no\nencontraste afectos a una jornada completa.<\/p>\n\n\n\n<p>5.- \u00bfQueda claro por qu\u00e9 es urgente organizarse y luchar?<\/p>\n","protected":false},"excerpt":{"rendered":"<p>1.- \u00bfCu\u00e1l ser\u00e1 el monto del pr\u00f3ximo ingreso m\u00ednimo por el que ya se iniciaron conversaciones? Por ahora debemos tener claro que los \u00faltimos 2 ingresos m\u00ednimos fijados, implicaron un&#8230; <a class=\"read-more\" href=\"https:\/\/www.radiopresidenteibanez.cl\/web\/pulso-sindical-diario-de-la-cgt-chile-4\/\">Leer m\u00e1s<\/a><\/p>\n","protected":false},"author":2,"featured_media":14161,"comment_status":"closed","ping_status":"closed","sticky":false,"template":"","format":"standard","meta":{"footnotes":""},"categories":[1],"tags":[],"class_list":["post-14160","post","type-post","status-publish","format-standard","has-post-thumbnail","hentry","category-cronica"],"_links":{"self":[{"href":"https:\/\/www.radiopresidenteibanez.cl\/web\/wp-json\/wp\/v2\/posts\/14160","targetHints":{"allow":["GET"]}}],"collection":[{"href":"https:\/\/www.radiopresidenteibanez.cl\/web\/wp-json\/wp\/v2\/posts"}],"about":[{"href":"https:\/\/www.radiopresidenteibanez.cl\/web\/wp-json\/wp\/v2\/types\/post"}],"author":[{"embeddable":true,"href":"https:\/\/www.radiopresidenteibanez.cl\/web\/wp-json\/wp\/v2\/users\/2"}],"replies":[{"embeddable":true,"href":"https:\/\/www.radiopresidenteibanez.cl\/web\/wp-json\/wp\/v2\/comments?post=14160"}],"version-history":[{"count":0,"href":"https:\/\/www.radiopresidenteibanez.cl\/web\/wp-json\/wp\/v2\/posts\/14160\/revisions"}],"wp:featuredmedia":[{"embeddable":true,"href":"https:\/\/www.radiopresidenteibanez.cl\/web\/wp-json\/wp\/v2\/media\/14161"}],"wp:attachment":[{"href":"https:\/\/www.radiopresidenteibanez.cl\/web\/wp-json\/wp\/v2\/media?parent=14160"}],"wp:term":[{"taxonomy":"category","embeddable":true,"href":"https:\/\/www.radiopresidenteibanez.cl\/web\/wp-json\/wp\/v2\/categories?post=14160"},{"taxonomy":"post_tag","embeddable":true,"href":"https:\/\/www.radiopresidenteibanez.cl\/web\/wp-json\/wp\/v2\/tags?post=14160"}],"curies":[{"name":"wp","href":"https:\/\/api.w.org\/{rel}","templated":true}]}}