{"id":14158,"date":"2020-08-17T14:07:46","date_gmt":"2020-08-17T14:07:46","guid":{"rendered":"https:\/\/www.radiopresidenteibanez.cl\/web\/?p=14158"},"modified":"2020-08-17T14:07:50","modified_gmt":"2020-08-17T14:07:50","slug":"tomalo-con-calma-por-ernesto-sepulveda-tornero","status":"publish","type":"post","link":"https:\/\/www.radiopresidenteibanez.cl\/web\/tomalo-con-calma-por-ernesto-sepulveda-tornero\/","title":{"rendered":"TOMALO CON CALMA por Ernesto Sep\u00falveda Tornero"},"content":{"rendered":"\n<p>En las \u00faltimas semanas, hemos sido testigos de los esfuerzos\nque se despliegan por todo Chile, para contener la pandemia. Cientos de miles\nde funcionarios de Salud, y de atenci\u00f3n primaria procuran revertir la tasa de\ncontagios, trazar y aislar a los contactos estrechos. En paralelo, se ha ido\navanzando, no con poca dificultad, en una agenda de iniciativas en apoyo a las\npersonas y a las familias. Y se alista un paquete de medidas de reactivaci\u00f3n,\ndestinadas a apoyar a los sectores productivos y a las empresas m\u00e1s golpeadas\npor la crisis. La oposici\u00f3n en el congreso ha logrado introducir importantes\nmodificaciones a los proyectos del gobierno. Y est\u00e1 ya escrito en la historia,\nla modificaci\u00f3n constitucional, que permiti\u00f3 retirar de las AFP, el 10% de sus\nahorros, a millones de personas. El grado de incertidumbre con que hemos vivido\ntodo el primer semestre del presente a\u00f1o, ha tenido peque\u00f1os alivios, con la\nreducci\u00f3n de la tasa de contagios a nivel nacional. Sin embargo, persiste la\npreocupaci\u00f3n sobre todo en regiones, donde se est\u00e1 produciendo un rebrote. Est\u00e1\ncomprobado que, s\u00f3lo asumiendo una conducta de autocuidado, y de prevenci\u00f3n, se\nlogra mantener los contagios en el m\u00ednimo.<\/p>\n\n\n\n<p>&nbsp;&nbsp;&nbsp;&nbsp;&nbsp;&nbsp;&nbsp;&nbsp;&nbsp;&nbsp;&nbsp;&nbsp;&nbsp;&nbsp;&nbsp;&nbsp;&nbsp;&nbsp;&nbsp;&nbsp;&nbsp;&nbsp;&nbsp;&nbsp;&nbsp;&nbsp;&nbsp;&nbsp;&nbsp;&nbsp;&nbsp;&nbsp;&nbsp;&nbsp;&nbsp;&nbsp;&nbsp;&nbsp;&nbsp;&nbsp;&nbsp;&nbsp;&nbsp;&nbsp;&nbsp;&nbsp; Con\ntodo esto en mente, debemos como pa\u00eds enfrentar procesos que son fundamentales\nen nuestra democracia. Un plebiscito el 25 de octubre, que muy probablemente\nconducir\u00e1 al cambio de la actual constituci\u00f3n pol\u00edtica. Es un evento pol\u00edtico\nmayor. Y debemos asumirlo como corresponde a una democracia madura. En un\nambiente de tolerancia y de discusi\u00f3n pac\u00edfica, donde las posturas se expongan\ncon altura de miras. Tal vez, no es el mejor momento, pero es el que nos toc\u00f3,\ny debemos poner cada uno de nuestra parte, para evitar el clima de\npolarizaci\u00f3n, que buscan instalar los sectores mas extremos.&nbsp; <\/p>\n\n\n\n<p>&nbsp;&nbsp;&nbsp;&nbsp;&nbsp;&nbsp;&nbsp;&nbsp;&nbsp;&nbsp;&nbsp;&nbsp;&nbsp;&nbsp;&nbsp;&nbsp;&nbsp;&nbsp;&nbsp;&nbsp;&nbsp;&nbsp;&nbsp;&nbsp;&nbsp;&nbsp;&nbsp;&nbsp;&nbsp;&nbsp;&nbsp;&nbsp;&nbsp;&nbsp;&nbsp;&nbsp;&nbsp;&nbsp;&nbsp;&nbsp;&nbsp;&nbsp;&nbsp;&nbsp;&nbsp;&nbsp; El\npr\u00f3ximo a\u00f1o, tendremos por primera vez elecciones de gobernador regional. Otro\nhito hist\u00f3rico. Las regiones, las provincias, hemos esperado desde los albores\nde la patria, para que se nos reconozca nuestro derecho a dirigir nuestros\npropios destinos. Puede que, en este caso, tampoco sea con todas las\natribuciones que se desean, pero es un paso fundamental. Dentro del mismo 2021,\nse elegir\u00e1 alcaldes, concejales, y consejeros regionales. Y concluir\u00e1 el a\u00f1o\ncon elecciones presidenciales, de parlamentarios y eventualmente de integrantes\nde la comisi\u00f3n constituyentes. <\/p>\n\n\n\n<p>&nbsp;&nbsp;&nbsp;&nbsp;&nbsp;&nbsp;&nbsp;&nbsp;&nbsp;&nbsp;&nbsp;&nbsp;&nbsp;&nbsp;&nbsp;&nbsp;&nbsp;&nbsp;&nbsp;&nbsp;&nbsp;&nbsp;&nbsp;&nbsp;&nbsp;&nbsp;&nbsp;&nbsp;&nbsp;&nbsp;&nbsp;&nbsp;&nbsp;&nbsp;&nbsp;&nbsp;&nbsp;&nbsp;&nbsp;&nbsp;&nbsp;&nbsp;&nbsp;&nbsp;&nbsp;&nbsp; Pareciera\nser una vor\u00e1gine de eventos, que ahora se ven tan distantes, y, sin embargo,\nrequieren de nuestra responsabilidad y nuestra participaci\u00f3n.&nbsp; Tenemos por delante desaf\u00edos que nos\npermitir\u00e1n construir esos grandes acuerdos, que tanta falta le hacen a nuestro\npa\u00eds. El nuevo orden no lo va a decidir ni un grupo de parlamentarios, ni\ntampoco un gobierno hundido en las cifras de aprobaci\u00f3n. La participaci\u00f3n\namplia y mayoritaria de la poblaci\u00f3n garantiza, que nadie pretenda imponer sus\npuntos de vista a otro. Existen consensos amplios, en materias fundamentales,\nlas diferencias son m\u00e1s bien acotadas, y aun esas, podr\u00e1n canalizarse\nadecuadamente. <\/p>\n\n\n\n<p>&nbsp;&nbsp;&nbsp;&nbsp;&nbsp;&nbsp;&nbsp;&nbsp;&nbsp;&nbsp;&nbsp;&nbsp;&nbsp;&nbsp;&nbsp;&nbsp;&nbsp;&nbsp;&nbsp;&nbsp;&nbsp;&nbsp;&nbsp;&nbsp;&nbsp;&nbsp;&nbsp;&nbsp;&nbsp;&nbsp;&nbsp;&nbsp;&nbsp;&nbsp;&nbsp;&nbsp;&nbsp;&nbsp;&nbsp;&nbsp;&nbsp;&nbsp;&nbsp;&nbsp;&nbsp;&nbsp; No\nes momento de atemorizarse, ni de titubear, estamos enfrentando una prueba de\nvida, como sociedad, para superar la crisis sanitaria y social y econ\u00f3mica. Y\nestamos a la vez llamados, a renovar nuestro contrato social, el pacto social,\nque regula nuestra vida en comunidad. Son tiempos dif\u00edciles, apremiantes, pero\nnos sorprende en un per\u00edodo de madurez como sociedad, como los que ya hemos\nvivido en nuestra historia.&nbsp; Debemos\nmantenernos serenos y confiados, y prepararnos para participar activamente.<\/p>\n\n\n\n<p>&nbsp;&nbsp;&nbsp;&nbsp;&nbsp;&nbsp;&nbsp;&nbsp;&nbsp;&nbsp;&nbsp;&nbsp;&nbsp;&nbsp;&nbsp;&nbsp;&nbsp;&nbsp;&nbsp;&nbsp;&nbsp;&nbsp;&nbsp;&nbsp;&nbsp;&nbsp;&nbsp;&nbsp;&nbsp;&nbsp;&nbsp;&nbsp;&nbsp;&nbsp;&nbsp;&nbsp;&nbsp;&nbsp;&nbsp;&nbsp;&nbsp;&nbsp;&nbsp;&nbsp;&nbsp;&nbsp; Debemos\ngenerar un clima de paz y de tranquilidad, para que los esfuerzos que realizan\nlos trabajadores, las empresas, los pol\u00edticos de gobierno y de oposici\u00f3n,\nsurtan frutos. Las familias y hogares, requieren, la estabilidad y la seguridad\nque les brindan nuestros empleos, nuestras f\u00e1bricas y comercios\nfuncionando.&nbsp; En un clima de paz y\nconcordia, podemos enfrentar todas estas tareas juntos. En un ambiente de\nentendimiento, de propuestas constructivas, en un debate abierto y plural,\npodremos salir con bien de la misi\u00f3n hist\u00f3rica que debemos cumplir.<\/p>\n\n\n\n<p>&nbsp;&nbsp;&nbsp;&nbsp;&nbsp;&nbsp;&nbsp;&nbsp;&nbsp;&nbsp;&nbsp;&nbsp;&nbsp;&nbsp;&nbsp;&nbsp;&nbsp;&nbsp;&nbsp;&nbsp;&nbsp;&nbsp;&nbsp;&nbsp;&nbsp;&nbsp;&nbsp;&nbsp;&nbsp;&nbsp;&nbsp;&nbsp;&nbsp;&nbsp;&nbsp;&nbsp;&nbsp;&nbsp;&nbsp;&nbsp;&nbsp;&nbsp;&nbsp;&nbsp;&nbsp;&nbsp; Ernesto\nSep\u00falveda Tornero <\/p>\n","protected":false},"excerpt":{"rendered":"<p>En las \u00faltimas semanas, hemos sido testigos de los esfuerzos que se despliegan por todo Chile, para contener la pandemia. Cientos de miles de funcionarios de Salud, y de atenci\u00f3n&#8230; <a class=\"read-more\" href=\"https:\/\/www.radiopresidenteibanez.cl\/web\/tomalo-con-calma-por-ernesto-sepulveda-tornero\/\">Leer m\u00e1s<\/a><\/p>\n","protected":false},"author":2,"featured_media":2310,"comment_status":"closed","ping_status":"closed","sticky":false,"template":"","format":"standard","meta":{"footnotes":""},"categories":[1],"tags":[],"class_list":["post-14158","post","type-post","status-publish","format-standard","has-post-thumbnail","hentry","category-cronica"],"_links":{"self":[{"href":"https:\/\/www.radiopresidenteibanez.cl\/web\/wp-json\/wp\/v2\/posts\/14158","targetHints":{"allow":["GET"]}}],"collection":[{"href":"https:\/\/www.radiopresidenteibanez.cl\/web\/wp-json\/wp\/v2\/posts"}],"about":[{"href":"https:\/\/www.radiopresidenteibanez.cl\/web\/wp-json\/wp\/v2\/types\/post"}],"author":[{"embeddable":true,"href":"https:\/\/www.radiopresidenteibanez.cl\/web\/wp-json\/wp\/v2\/users\/2"}],"replies":[{"embeddable":true,"href":"https:\/\/www.radiopresidenteibanez.cl\/web\/wp-json\/wp\/v2\/comments?post=14158"}],"version-history":[{"count":0,"href":"https:\/\/www.radiopresidenteibanez.cl\/web\/wp-json\/wp\/v2\/posts\/14158\/revisions"}],"wp:featuredmedia":[{"embeddable":true,"href":"https:\/\/www.radiopresidenteibanez.cl\/web\/wp-json\/wp\/v2\/media\/2310"}],"wp:attachment":[{"href":"https:\/\/www.radiopresidenteibanez.cl\/web\/wp-json\/wp\/v2\/media?parent=14158"}],"wp:term":[{"taxonomy":"category","embeddable":true,"href":"https:\/\/www.radiopresidenteibanez.cl\/web\/wp-json\/wp\/v2\/categories?post=14158"},{"taxonomy":"post_tag","embeddable":true,"href":"https:\/\/www.radiopresidenteibanez.cl\/web\/wp-json\/wp\/v2\/tags?post=14158"}],"curies":[{"name":"wp","href":"https:\/\/api.w.org\/{rel}","templated":true}]}}