{"id":14154,"date":"2020-08-16T16:04:57","date_gmt":"2020-08-16T16:04:57","guid":{"rendered":"https:\/\/www.radiopresidenteibanez.cl\/web\/?p=14154"},"modified":"2020-08-16T16:05:03","modified_gmt":"2020-08-16T16:05:03","slug":"senadora-goic-el-plebiscito-nos-abrira-la-ruta-para-una-nueva-constitucion","status":"publish","type":"post","link":"https:\/\/www.radiopresidenteibanez.cl\/web\/senadora-goic-el-plebiscito-nos-abrira-la-ruta-para-una-nueva-constitucion\/","title":{"rendered":"SENADORA GOIC: \u201cEL PLEBISCITO NOS ABRIR\u00c1 LA RUTA PARA UNA NUEVA CONSTITUCI\u00d3N\u201d"},"content":{"rendered":"\n<p>Mediante una reforma constitucional\ningresada recientemente al Congreso se busca entregar mayores atribuciones el Servicio\nelectoral, de modo de poder garantizar las condiciones para un plebiscito\nseguro, ello, por la importancia que tiene para la democracia chilena tener\nesta elecci\u00f3n ciudadana en la fecha que est\u00e1 fijada para el mes de octubre.<\/p>\n\n\n\n<p>As\u00ed lo manifest\u00f3 la senadora\nmagall\u00e1nica Carolina Goic, quien agreg\u00f3 que durante el proceso se deben\ngarantizar condiciones sanitarias seguras para los vocales, para que de esta\nmanera la ciudadan\u00eda pueda asistir a emitir se voto sin ning\u00fan tipo de problemas\ny en lo posible en forma masiva a los locales de votaci\u00f3n<\/p>\n\n\n\n<p>\u201cCorresponde, por tanto, adecuar\nnecesariamente nuestro ordenamiento electoral, a fin de celebrar un Plebiscito\nNacional, que conjugue por una parte la salud de las personas y que tambi\u00e9n\nasegure la participaci\u00f3n ciudadana en este proceso tan importante que permitir\u00e1\ndestrabar los hilos que se desataron en el estallido social de octubre de 2019\u201d,\nse\u00f1al\u00f3 la senadora Goic.<\/p>\n\n\n\n<p>Por otro lado dijo Goic, tambi\u00e9n\ndebemos garantizar la participaci\u00f3n de aquellas personas que en el momento de\nla votaci\u00f3n est\u00e9n con COVID positivo, de manera de que puedan emitir su sufragio\ne incluso mediante carta, \u201clo que buscamos con esta reforma, es que est\u00e9n todos\nlos medios, de manera que no hayan excusas para realizar adecuadamente este evento\ndemocr\u00e1tico, que nos mostrar\u00e1 y abrir\u00e1 la ruta para una nueva Constituci\u00f3n\u201d,\nexplic\u00f3 la senadora.<\/p>\n","protected":false},"excerpt":{"rendered":"<p>Mediante una reforma constitucional ingresada recientemente al Congreso se busca entregar mayores atribuciones el Servicio electoral, de modo de poder garantizar las condiciones para un plebiscito seguro, ello, por la&#8230; <a class=\"read-more\" href=\"https:\/\/www.radiopresidenteibanez.cl\/web\/senadora-goic-el-plebiscito-nos-abrira-la-ruta-para-una-nueva-constitucion\/\">Leer m\u00e1s<\/a><\/p>\n","protected":false},"author":2,"featured_media":14155,"comment_status":"closed","ping_status":"closed","sticky":false,"template":"","format":"standard","meta":{"footnotes":""},"categories":[1],"tags":[],"class_list":["post-14154","post","type-post","status-publish","format-standard","has-post-thumbnail","hentry","category-cronica"],"_links":{"self":[{"href":"https:\/\/www.radiopresidenteibanez.cl\/web\/wp-json\/wp\/v2\/posts\/14154","targetHints":{"allow":["GET"]}}],"collection":[{"href":"https:\/\/www.radiopresidenteibanez.cl\/web\/wp-json\/wp\/v2\/posts"}],"about":[{"href":"https:\/\/www.radiopresidenteibanez.cl\/web\/wp-json\/wp\/v2\/types\/post"}],"author":[{"embeddable":true,"href":"https:\/\/www.radiopresidenteibanez.cl\/web\/wp-json\/wp\/v2\/users\/2"}],"replies":[{"embeddable":true,"href":"https:\/\/www.radiopresidenteibanez.cl\/web\/wp-json\/wp\/v2\/comments?post=14154"}],"version-history":[{"count":0,"href":"https:\/\/www.radiopresidenteibanez.cl\/web\/wp-json\/wp\/v2\/posts\/14154\/revisions"}],"wp:featuredmedia":[{"embeddable":true,"href":"https:\/\/www.radiopresidenteibanez.cl\/web\/wp-json\/wp\/v2\/media\/14155"}],"wp:attachment":[{"href":"https:\/\/www.radiopresidenteibanez.cl\/web\/wp-json\/wp\/v2\/media?parent=14154"}],"wp:term":[{"taxonomy":"category","embeddable":true,"href":"https:\/\/www.radiopresidenteibanez.cl\/web\/wp-json\/wp\/v2\/categories?post=14154"},{"taxonomy":"post_tag","embeddable":true,"href":"https:\/\/www.radiopresidenteibanez.cl\/web\/wp-json\/wp\/v2\/tags?post=14154"}],"curies":[{"name":"wp","href":"https:\/\/api.w.org\/{rel}","templated":true}]}}