{"id":14151,"date":"2020-08-16T16:03:41","date_gmt":"2020-08-16T16:03:41","guid":{"rendered":"https:\/\/www.radiopresidenteibanez.cl\/web\/?p=14151"},"modified":"2020-08-16T16:03:45","modified_gmt":"2020-08-16T16:03:45","slug":"nueva-ordenanza-regulara-la-recepcion-de-caminos-por-parte-de-la-municipalidad-y-reordenara-el-territorio-comunal","status":"publish","type":"post","link":"https:\/\/www.radiopresidenteibanez.cl\/web\/nueva-ordenanza-regulara-la-recepcion-de-caminos-por-parte-de-la-municipalidad-y-reordenara-el-territorio-comunal\/","title":{"rendered":"NUEVA ORDENANZA REGULAR\u00c1 LA RECEPCI\u00d3N DE CAMINOS POR PARTE DE LA MUNICIPALIDAD Y REORDENAR\u00c1 EL TERRITORIO COMUNAL"},"content":{"rendered":"\n<p>En los \u00faltimos 30 a\u00f1os nuestra ciudad ha crecido de manera desordenada en el sector alto de Punta Arenas. Esto, producto de la nula planificaci\u00f3n de las distintas autoridades locales, y que desde ahora y con el acuerdo un\u00e1nime del Concejo Municipal cambia, luego de la aprobaci\u00f3n de una nueva ordenanza que viene a establecer acciones concretas para un desarrollo y crecimiento ordenado, y con miras a una comuna que crece y se extiende.<\/p>\n\n\n\n<p>Con el cambio de plano regulador, m\u00e1s de 4 mil viviendas pasan a ser parte de la zona urbana, las que en general no cuentan con servicios de alcantarillado o agua potable, y que adem\u00e1s no cumplen con los est\u00e1ndares en sus \u201ccaminos\u201d.<\/p>\n\n\n\n<p>\u201cEn consecuencia de aquello, la Municipalidad de Punta Arenas, ha comenzado a recepcionar kil\u00f3metros de estos espacios, pasando de 15 a 80 kil\u00f3metros de \u201chuellas\u201d en los \u00faltimos 5 a\u00f1os, con el fin de ordenar el territorio comunal, pensando que la ciudad seguir\u00e1 creciendo, por lo que se hace necesario tomar medidas cuanto antes, para poder invertir en Alumbrado y Alcantarillado, y as\u00ed tambi\u00e9n poder contar con veredas, que permitan que transite locomoci\u00f3n colectiva, veh\u00edculos de emergencia, entre otros\u201d, expres\u00f3 el alcalde Claudio Radonich.<\/p>\n\n\n\n<p>Asimismo, el jefe comunal agreg\u00f3 que \u201cen esta nueva ordenanza, exigimos m\u00ednimos de 11 metros de ancho para caminos que tengan hasta 150 metros. En tanto, para los que cuenten con 150 a mil metros, pasamos a 15 metros de ancho, y los caminos que presenten m\u00e1s de mil metros de longitud, deber\u00e1n tener 20 metros de franja, asegurando que las familias que vivan ah\u00ed, cuenten con veredas, futuras ciclov\u00edas, y una calzada que permita la libre circulaci\u00f3n de nuestros vecinos\u201d.&nbsp;<\/p>\n","protected":false},"excerpt":{"rendered":"<p>En los \u00faltimos 30 a\u00f1os nuestra ciudad ha crecido de manera desordenada en el sector alto de Punta Arenas. Esto, producto de la nula planificaci\u00f3n de las distintas autoridades locales,&#8230; <a class=\"read-more\" href=\"https:\/\/www.radiopresidenteibanez.cl\/web\/nueva-ordenanza-regulara-la-recepcion-de-caminos-por-parte-de-la-municipalidad-y-reordenara-el-territorio-comunal\/\">Leer m\u00e1s<\/a><\/p>\n","protected":false},"author":2,"featured_media":14152,"comment_status":"closed","ping_status":"closed","sticky":false,"template":"","format":"standard","meta":{"footnotes":""},"categories":[1],"tags":[],"class_list":["post-14151","post","type-post","status-publish","format-standard","has-post-thumbnail","hentry","category-cronica"],"_links":{"self":[{"href":"https:\/\/www.radiopresidenteibanez.cl\/web\/wp-json\/wp\/v2\/posts\/14151","targetHints":{"allow":["GET"]}}],"collection":[{"href":"https:\/\/www.radiopresidenteibanez.cl\/web\/wp-json\/wp\/v2\/posts"}],"about":[{"href":"https:\/\/www.radiopresidenteibanez.cl\/web\/wp-json\/wp\/v2\/types\/post"}],"author":[{"embeddable":true,"href":"https:\/\/www.radiopresidenteibanez.cl\/web\/wp-json\/wp\/v2\/users\/2"}],"replies":[{"embeddable":true,"href":"https:\/\/www.radiopresidenteibanez.cl\/web\/wp-json\/wp\/v2\/comments?post=14151"}],"version-history":[{"count":0,"href":"https:\/\/www.radiopresidenteibanez.cl\/web\/wp-json\/wp\/v2\/posts\/14151\/revisions"}],"wp:featuredmedia":[{"embeddable":true,"href":"https:\/\/www.radiopresidenteibanez.cl\/web\/wp-json\/wp\/v2\/media\/14152"}],"wp:attachment":[{"href":"https:\/\/www.radiopresidenteibanez.cl\/web\/wp-json\/wp\/v2\/media?parent=14151"}],"wp:term":[{"taxonomy":"category","embeddable":true,"href":"https:\/\/www.radiopresidenteibanez.cl\/web\/wp-json\/wp\/v2\/categories?post=14151"},{"taxonomy":"post_tag","embeddable":true,"href":"https:\/\/www.radiopresidenteibanez.cl\/web\/wp-json\/wp\/v2\/tags?post=14151"}],"curies":[{"name":"wp","href":"https:\/\/api.w.org\/{rel}","templated":true}]}}