{"id":1415,"date":"2019-02-13T19:04:34","date_gmt":"2019-02-13T19:04:34","guid":{"rendered":"http:\/\/www.radiopresidenteibanez.cl\/web\/?p=1415"},"modified":"2019-02-13T19:27:48","modified_gmt":"2019-02-13T19:27:48","slug":"asumio-oficialmente-como-intendente-de-magallanes-jose-fernandez-ducrock","status":"publish","type":"post","link":"https:\/\/www.radiopresidenteibanez.cl\/web\/asumio-oficialmente-como-intendente-de-magallanes-jose-fernandez-ducrock\/","title":{"rendered":"ASUMI\u00d3 OFICIALMENTE COMO INTENDENTE DE MAGALLANES JOS\u00c9 FERN\u00c1NDEZ DUCROCK"},"content":{"rendered":"\n<ul class=\"wp-block-gallery columns-2 is-cropped wp-block-gallery-1 is-layout-flex wp-block-gallery-is-layout-flex\"><li class=\"blocks-gallery-item\"><figure><img loading=\"lazy\" decoding=\"async\" width=\"1024\" height=\"683\" src=\"https:\/\/www.radiopresidenteibanez.cl\/web\/wp-content\/uploads\/2019\/02\/IMG-20190213-WA0022-1024x683.jpg\" alt=\"\" data-id=\"1422\" data-link=\"https:\/\/www.radiopresidenteibanez.cl\/web\/asumio-oficialmente-como-intendente-de-magallanes-jose-fernandez-ducrock\/img-20190213-wa0022\/\" class=\"wp-image-1422\" srcset=\"https:\/\/www.radiopresidenteibanez.cl\/web\/wp-content\/uploads\/2019\/02\/IMG-20190213-WA0022-1024x683.jpg 1024w, https:\/\/www.radiopresidenteibanez.cl\/web\/wp-content\/uploads\/2019\/02\/IMG-20190213-WA0022-300x200.jpg 300w, https:\/\/www.radiopresidenteibanez.cl\/web\/wp-content\/uploads\/2019\/02\/IMG-20190213-WA0022-768x512.jpg 768w, https:\/\/www.radiopresidenteibanez.cl\/web\/wp-content\/uploads\/2019\/02\/IMG-20190213-WA0022.jpg 1280w\" sizes=\"auto, (max-width: 1024px) 100vw, 1024px\" \/><\/figure><\/li><li class=\"blocks-gallery-item\"><figure><img loading=\"lazy\" decoding=\"async\" width=\"1024\" height=\"683\" src=\"https:\/\/www.radiopresidenteibanez.cl\/web\/wp-content\/uploads\/2019\/02\/IMG-20190213-WA0024-1024x683.jpg\" alt=\"\" data-id=\"1423\" data-link=\"https:\/\/www.radiopresidenteibanez.cl\/web\/asumio-oficialmente-como-intendente-de-magallanes-jose-fernandez-ducrock\/img-20190213-wa0024\/\" class=\"wp-image-1423\" srcset=\"https:\/\/www.radiopresidenteibanez.cl\/web\/wp-content\/uploads\/2019\/02\/IMG-20190213-WA0024-1024x683.jpg 1024w, https:\/\/www.radiopresidenteibanez.cl\/web\/wp-content\/uploads\/2019\/02\/IMG-20190213-WA0024-300x200.jpg 300w, https:\/\/www.radiopresidenteibanez.cl\/web\/wp-content\/uploads\/2019\/02\/IMG-20190213-WA0024-768x512.jpg 768w, https:\/\/www.radiopresidenteibanez.cl\/web\/wp-content\/uploads\/2019\/02\/IMG-20190213-WA0024.jpg 1280w\" sizes=\"auto, (max-width: 1024px) 100vw, 1024px\" \/><\/figure><\/li><li class=\"blocks-gallery-item\"><figure><img loading=\"lazy\" decoding=\"async\" width=\"1024\" height=\"683\" src=\"https:\/\/www.radiopresidenteibanez.cl\/web\/wp-content\/uploads\/2019\/02\/IMG-20190213-WA0025-1024x683.jpg\" alt=\"\" data-id=\"1425\" data-link=\"https:\/\/www.radiopresidenteibanez.cl\/web\/asumio-oficialmente-como-intendente-de-magallanes-jose-fernandez-ducrock\/img-20190213-wa0025\/\" class=\"wp-image-1425\" srcset=\"https:\/\/www.radiopresidenteibanez.cl\/web\/wp-content\/uploads\/2019\/02\/IMG-20190213-WA0025-1024x683.jpg 1024w, https:\/\/www.radiopresidenteibanez.cl\/web\/wp-content\/uploads\/2019\/02\/IMG-20190213-WA0025-300x200.jpg 300w, https:\/\/www.radiopresidenteibanez.cl\/web\/wp-content\/uploads\/2019\/02\/IMG-20190213-WA0025-768x512.jpg 768w, https:\/\/www.radiopresidenteibanez.cl\/web\/wp-content\/uploads\/2019\/02\/IMG-20190213-WA0025.jpg 1280w\" sizes=\"auto, (max-width: 1024px) 100vw, 1024px\" \/><\/figure><\/li><li class=\"blocks-gallery-item\"><figure><img loading=\"lazy\" decoding=\"async\" width=\"1024\" height=\"683\" src=\"https:\/\/www.radiopresidenteibanez.cl\/web\/wp-content\/uploads\/2019\/02\/IMG-20190213-WA0027-1024x683.jpg\" alt=\"\" data-id=\"1426\" data-link=\"https:\/\/www.radiopresidenteibanez.cl\/web\/asumio-oficialmente-como-intendente-de-magallanes-jose-fernandez-ducrock\/img-20190213-wa0027\/\" class=\"wp-image-1426\" srcset=\"https:\/\/www.radiopresidenteibanez.cl\/web\/wp-content\/uploads\/2019\/02\/IMG-20190213-WA0027-1024x683.jpg 1024w, https:\/\/www.radiopresidenteibanez.cl\/web\/wp-content\/uploads\/2019\/02\/IMG-20190213-WA0027-300x200.jpg 300w, https:\/\/www.radiopresidenteibanez.cl\/web\/wp-content\/uploads\/2019\/02\/IMG-20190213-WA0027-768x512.jpg 768w, https:\/\/www.radiopresidenteibanez.cl\/web\/wp-content\/uploads\/2019\/02\/IMG-20190213-WA0027.jpg 1280w\" sizes=\"auto, (max-width: 1024px) 100vw, 1024px\" \/><\/figure><\/li><\/ul>\n","protected":false},"excerpt":{"rendered":"","protected":false},"author":2,"featured_media":1422,"comment_status":"closed","ping_status":"closed","sticky":false,"template":"","format":"standard","meta":{"footnotes":""},"categories":[5],"tags":[],"class_list":["post-1415","post","type-post","status-publish","format-standard","has-post-thumbnail","hentry","category-politica"],"_links":{"self":[{"href":"https:\/\/www.radiopresidenteibanez.cl\/web\/wp-json\/wp\/v2\/posts\/1415","targetHints":{"allow":["GET"]}}],"collection":[{"href":"https:\/\/www.radiopresidenteibanez.cl\/web\/wp-json\/wp\/v2\/posts"}],"about":[{"href":"https:\/\/www.radiopresidenteibanez.cl\/web\/wp-json\/wp\/v2\/types\/post"}],"author":[{"embeddable":true,"href":"https:\/\/www.radiopresidenteibanez.cl\/web\/wp-json\/wp\/v2\/users\/2"}],"replies":[{"embeddable":true,"href":"https:\/\/www.radiopresidenteibanez.cl\/web\/wp-json\/wp\/v2\/comments?post=1415"}],"version-history":[{"count":0,"href":"https:\/\/www.radiopresidenteibanez.cl\/web\/wp-json\/wp\/v2\/posts\/1415\/revisions"}],"wp:featuredmedia":[{"embeddable":true,"href":"https:\/\/www.radiopresidenteibanez.cl\/web\/wp-json\/wp\/v2\/media\/1422"}],"wp:attachment":[{"href":"https:\/\/www.radiopresidenteibanez.cl\/web\/wp-json\/wp\/v2\/media?parent=1415"}],"wp:term":[{"taxonomy":"category","embeddable":true,"href":"https:\/\/www.radiopresidenteibanez.cl\/web\/wp-json\/wp\/v2\/categories?post=1415"},{"taxonomy":"post_tag","embeddable":true,"href":"https:\/\/www.radiopresidenteibanez.cl\/web\/wp-json\/wp\/v2\/tags?post=1415"}],"curies":[{"name":"wp","href":"https:\/\/api.w.org\/{rel}","templated":true}]}}