{"id":14146,"date":"2020-08-16T15:57:46","date_gmt":"2020-08-16T15:57:46","guid":{"rendered":"https:\/\/www.radiopresidenteibanez.cl\/web\/?p=14146"},"modified":"2020-08-16T15:58:06","modified_gmt":"2020-08-16T15:58:06","slug":"carta-al-director-frase-cliche-tiempo-de-crisis-tiempo-de-oportunidadescarta-al-director-frase-cliche-tiempo-de-crisis-tiempo-de-oportunidades","status":"publish","type":"post","link":"https:\/\/www.radiopresidenteibanez.cl\/web\/carta-al-director-frase-cliche-tiempo-de-crisis-tiempo-de-oportunidadescarta-al-director-frase-cliche-tiempo-de-crisis-tiempo-de-oportunidades\/","title":{"rendered":"CARTA AL DIRECTOR: \u201cFRASE CLICHE: TIEMPO DE CRISIS, TIEMPO DE OPORTUNIDADES\u201dCARTA AL DIRECTOR: \u201cFRASE CLICH\u00c9: TIEMPO DE CRISIS, TIEMPO DE OPORTUNIDADES\u201d"},"content":{"rendered":"\n<p>Estimado\nDirector:<\/p>\n\n\n\n<p>En \u00e9poca de crisis afloran por miles las frases\ncomo\u201d TIEMPO DE CRISIS, TIEMPO DE OPORTUNIDADES\u201d, que buscan sembrar el\noptimismo, y para quienes est\u00e9n en problema, vean una luz de esperanza, y que\ntodo es moment\u00e1neo y se va a solucionar.<\/p>\n\n\n\n<p>Los Gobiernos no debieran necesitar frases\nmotivadoras, ya que tienen una planificaci\u00f3n estrat\u00e9gica, o en el actual\ncontexto el Presidente, sus Ministros y asesores, deben tener una visi\u00f3n din\u00e1mica\nde corto y mediano plazo para dar golpes de tim\u00f3n a sus pol\u00edticas, acorde a\nenfrentar las tormentosas circunstancias, hoy, ni m\u00e1s ni menos que una\npandemia.<\/p>\n\n\n\n<p>Estos momentos son \u00f3ptimos, para que el\nMinisterio de Educaci\u00f3n pase a ser parte de la historia, <strong>al planificar exitoso\na\u00f1o escolar 2021<\/strong>, <strong>en el cual pueda conjugarse la ense\u00f1anza a distancia y\npresencial en las aulas de ense\u00f1anza b\u00e1sica y media. Adem\u00e1s, crear un plan\neducativo excepcional, que podr\u00edamos llamarlo 2&#215;1 o mejor a\u00fan 1,5 x 1, que implicar\u00eda\nconcentrar adecuadamente los programas educativos, que permitan a los alumnos\nretomar los contenidos esenciales del a\u00f1o 2020, y al mismo tiempo los\nesenciales del a\u00f1o 2021.<\/strong><\/p>\n\n\n\n<p>Por otro lado, involucra inyectar recursos, que\ndebe evaluarse con Hacienda, para que las ni\u00f1as y ni\u00f1os y j\u00f3venes de Chile,\ntengan acceso a la conectividad necesaria, y un tablet o notebook para llevar\nadelante su aprendizaje.&nbsp; Y de una vez\npor todas, alinear a lo menos en ese concepto en igualdad a los estudiantes de\nChile. Porque noto, que desfavorablemente las pol\u00edticas p\u00fablicas, tienen un\ndivorcio con la realidad del pa\u00eds.&nbsp; Es el\nmomento de comenzar a acortar algunas brechas, que ya podemos cuantificar\nadecuadamente.<\/p>\n\n\n\n<p>Pero lamentablemente somos testigos de un\nempecinamiento absurdo, majadero y exacerbante, del Ministerio de Educaci\u00f3n, de\n<strong>volver a clases ahora<\/strong>, cuando nadie en el mundo, <strong>puede asegurar la\nsalud de los alumnos, docentes y no docentes de los establecimientos\neducacionales<\/strong>, cayendo en pol\u00e9micas innecesarias, ofendiendo a discreci\u00f3n\nal gremio de los Profesores, quienes pueden ser sus principales aliados en un\nproyecto m\u00e1s visionario, ambicioso y de exportaci\u00f3n como el ya expuesto.<\/p>\n\n\n\n<p>Tengo esperanza que el Gobierno, sacrifique\nsoberbia y orgullo, en favor de pol\u00edticas p\u00fablicas que sean saludables y\nrealistas para el pa\u00eds.&nbsp; <\/p>\n\n\n\n<p>Es un momento de crisis que puede ser la\nantesala de un exitoso a\u00f1o 2021, solo basta que quienes tienen el tim\u00f3n vean\nm\u00e1s all\u00e1 de la tormenta. <\/p>\n\n\n\n<p>Atentamente\n<\/p>\n\n\n\n<p>ADOLFO JUAN\nCANALES GUENTELICAN<\/p>\n\n\n\n<p>MAGISTER EN\nGESTION EDUCACIONAL<\/p>\n\n\n\n<p>UNIVERSIDAD\nANDRES BELLO<\/p>\n","protected":false},"excerpt":{"rendered":"<p>Estimado Director: En \u00e9poca de crisis afloran por miles las frases como\u201d TIEMPO DE CRISIS, TIEMPO DE OPORTUNIDADES\u201d, que buscan sembrar el optimismo, y para quienes est\u00e9n en problema, vean&#8230; <a class=\"read-more\" href=\"https:\/\/www.radiopresidenteibanez.cl\/web\/carta-al-director-frase-cliche-tiempo-de-crisis-tiempo-de-oportunidadescarta-al-director-frase-cliche-tiempo-de-crisis-tiempo-de-oportunidades\/\">Leer m\u00e1s<\/a><\/p>\n","protected":false},"author":2,"featured_media":11818,"comment_status":"closed","ping_status":"closed","sticky":false,"template":"","format":"standard","meta":{"footnotes":""},"categories":[1],"tags":[],"class_list":["post-14146","post","type-post","status-publish","format-standard","has-post-thumbnail","hentry","category-cronica"],"_links":{"self":[{"href":"https:\/\/www.radiopresidenteibanez.cl\/web\/wp-json\/wp\/v2\/posts\/14146","targetHints":{"allow":["GET"]}}],"collection":[{"href":"https:\/\/www.radiopresidenteibanez.cl\/web\/wp-json\/wp\/v2\/posts"}],"about":[{"href":"https:\/\/www.radiopresidenteibanez.cl\/web\/wp-json\/wp\/v2\/types\/post"}],"author":[{"embeddable":true,"href":"https:\/\/www.radiopresidenteibanez.cl\/web\/wp-json\/wp\/v2\/users\/2"}],"replies":[{"embeddable":true,"href":"https:\/\/www.radiopresidenteibanez.cl\/web\/wp-json\/wp\/v2\/comments?post=14146"}],"version-history":[{"count":0,"href":"https:\/\/www.radiopresidenteibanez.cl\/web\/wp-json\/wp\/v2\/posts\/14146\/revisions"}],"wp:featuredmedia":[{"embeddable":true,"href":"https:\/\/www.radiopresidenteibanez.cl\/web\/wp-json\/wp\/v2\/media\/11818"}],"wp:attachment":[{"href":"https:\/\/www.radiopresidenteibanez.cl\/web\/wp-json\/wp\/v2\/media?parent=14146"}],"wp:term":[{"taxonomy":"category","embeddable":true,"href":"https:\/\/www.radiopresidenteibanez.cl\/web\/wp-json\/wp\/v2\/categories?post=14146"},{"taxonomy":"post_tag","embeddable":true,"href":"https:\/\/www.radiopresidenteibanez.cl\/web\/wp-json\/wp\/v2\/tags?post=14146"}],"curies":[{"name":"wp","href":"https:\/\/api.w.org\/{rel}","templated":true}]}}