{"id":14143,"date":"2020-08-16T15:55:31","date_gmt":"2020-08-16T15:55:31","guid":{"rendered":"https:\/\/www.radiopresidenteibanez.cl\/web\/?p=14143"},"modified":"2020-08-16T15:55:35","modified_gmt":"2020-08-16T15:55:35","slug":"dedicacion-y-esfuerzo-reflejan-las-obras-recibidas-para-el-concurso-fiesta-de-la-infancia-crea-suena-imagina","status":"publish","type":"post","link":"https:\/\/www.radiopresidenteibanez.cl\/web\/dedicacion-y-esfuerzo-reflejan-las-obras-recibidas-para-el-concurso-fiesta-de-la-infancia-crea-suena-imagina\/","title":{"rendered":"DEDICACI\u00d3N Y ESFUERZO REFLEJAN LAS OBRAS RECIBIDAS PARA EL CONCURSO \u201cFIESTA DE LA INFANCIA, CREA SUE\u00d1A IMAGINA\u201d"},"content":{"rendered":"\n<p>La Oficina de Protecci\u00f3n de Derechos de la gobernaci\u00f3n provincial,\nrealiz\u00f3 el lanzamiento, a trav\u00e9s de sus redes sociales, del concurso \u201cFiesta de\nla Infancia. Crea, sue\u00f1a, imagina\u201d, y ayer 14 de agosto fue el \u00faltimo d\u00eda de\nrecepci\u00f3n de los trabajos, en sus tres categor\u00edas, en dependencias del CIJUM.<\/p>\n\n\n\n<p>Ciertamente, y por la respuesta de los ni\u00f1os y ni\u00f1as participantes,\nesto es altamente positivo y cumple con el objetivo propuesto, darle vida a una\ninstancia para instarlos a crear y sacarlos de esta rutina que genera el\nconfinamiento. Hasta ayer 14 de agosto, se estuvieron recibiendo obras por\nparte de ni\u00f1as, ni\u00f1os y j\u00f3venes de toda la provincia, en tres categor\u00edas seg\u00fan\nla edad de los participantes.<\/p>\n\n\n\n<p>Este lunes 17 a las 11:30 de la ma\u00f1ana, en el Cijum, se proceder\u00e1 a la\nevaluaci\u00f3n de estos trabajos, ocasi\u00f3n importante, donde el Jurado que estar\u00e1\nconstituido por el Intendente Jos\u00e9 Fern\u00e1ndez, el gobernador Homero Villegas, el\ndirector de Sename, Mario Miranda, la coordinadora de la OPD Magallanes,\nDaniela Fuentealba, el Gerente de la empresa colaboradora, Asociaci\u00f3n de\nSalmonicultores de Magallanes, Cristian Kubota, tendr\u00e1 la dif\u00edcil tarea de\ndeterminar a los ganadores por categor\u00eda y las menciones respectivas.<\/p>\n\n\n\n<p>Y el mismo d\u00eda por la tarde, a partir de las 15:00hrs, los Servicios\nparticipantes, tambi\u00e9n premiar\u00e1n a los trabajos que se inspiraron en sus videos\ntutoriales. De esa manera, Inach, Conaf, Inia, Seremi de Energ\u00eda, Seremi de\nDeportes e IND, Seremi de Educaci\u00f3n,&nbsp;\nJunji, y la Fundaci\u00f3n Cequa distinguir\u00e1n a los comprometidos\nconcursantes.<\/p>\n\n\n\n<p>El gobernador provincial de Magallanes, Homero Villegas N\u00fa\u00f1ez,\nmanifest\u00f3 su satisfacci\u00f3n por la convocatoria, expresando que \u201cEstamos muy\ncontentos por la cantidad de obras que recibimos. Nos emociona saber que\ncontribuimos con un granito de arena en despertar la curiosidad, la motivaci\u00f3n\na la creaci\u00f3n a trav\u00e9s del arte, de ni\u00f1os, ni\u00f1as y adolescentes, y dibujar\nsonrisas en sus rostros, porque durante esta pandemia ellos se han comportado\ncomo verdaderos h\u00e9roes, porque han sido ejemplo de paciencia, tolerancia y\ncomprensi\u00f3n. Desde su inocencia, los ni\u00f1os siempre nos ense\u00f1an\u2026\u201d<\/p>\n\n\n\n<p>Asimismo la coordinadora de la OPD, Daniela Fuentealba Luco, agreg\u00f3 que\n\u201cLa OPD Magallanes ha realizado un trabajo arduo para llevar a cabo este\nconcurso fiesta de la infancia 2020, estamos&nbsp;\ncontentos con el compromiso de cada familia que apoyo a sus ni\u00f1os, ni\u00f1as\ny adolescentes en cumplir con este prop\u00f3sito que es mantener en alto el\nesp\u00edritu de crear, so\u00f1ar e imaginar, m\u00e1s a\u00fan en este per\u00edodo complejo que nos\naqueja como sociedad, creemos que los ni\u00f1os y ni\u00f1as deben ser visibilizados\nresaltando sus aptitudes y destrezas, y esta instancia lo ha dejado plasmado\u201d.<\/p>\n\n\n\n<p>El d\u00eda martes, en el mismo CIJUM, tendr\u00e1 lugar la premiaci\u00f3n, que se\nrealizar\u00e1 en diferentes horarios, para resguardar la salud de todos los\nparticipantes, familias, jurados y funcionarios. Durante la jornada de la\nma\u00f1ana de 09:00 a 11:15, se entregar\u00e1n los premios del concurso y a las 11:30,\nse entregar\u00e1n los premios de los Servicios. Tres lugares por categor\u00eda.<\/p>\n\n\n\n<p>Horarios: <br>\nDe 09:00 a 09:40, premiaci\u00f3n categor\u00eda FAMILIAR. 09:45 a 10, premiaci\u00f3n\ncategor\u00eda INFANTIL, 10:40 a 11:15, premiaci\u00f3n categor\u00eda JUVENIL.<\/p>\n\n\n\n<p>11:30, premiaci\u00f3n de ganadores seleccionados por directores de\nservicios p\u00fablicos.<\/p>\n","protected":false},"excerpt":{"rendered":"<p>La Oficina de Protecci\u00f3n de Derechos de la gobernaci\u00f3n provincial, realiz\u00f3 el lanzamiento, a trav\u00e9s de sus redes sociales, del concurso \u201cFiesta de la Infancia. Crea, sue\u00f1a, imagina\u201d, y ayer&#8230; <a class=\"read-more\" href=\"https:\/\/www.radiopresidenteibanez.cl\/web\/dedicacion-y-esfuerzo-reflejan-las-obras-recibidas-para-el-concurso-fiesta-de-la-infancia-crea-suena-imagina\/\">Leer m\u00e1s<\/a><\/p>\n","protected":false},"author":2,"featured_media":14144,"comment_status":"closed","ping_status":"closed","sticky":false,"template":"","format":"standard","meta":{"footnotes":""},"categories":[1],"tags":[],"class_list":["post-14143","post","type-post","status-publish","format-standard","has-post-thumbnail","hentry","category-cronica"],"_links":{"self":[{"href":"https:\/\/www.radiopresidenteibanez.cl\/web\/wp-json\/wp\/v2\/posts\/14143","targetHints":{"allow":["GET"]}}],"collection":[{"href":"https:\/\/www.radiopresidenteibanez.cl\/web\/wp-json\/wp\/v2\/posts"}],"about":[{"href":"https:\/\/www.radiopresidenteibanez.cl\/web\/wp-json\/wp\/v2\/types\/post"}],"author":[{"embeddable":true,"href":"https:\/\/www.radiopresidenteibanez.cl\/web\/wp-json\/wp\/v2\/users\/2"}],"replies":[{"embeddable":true,"href":"https:\/\/www.radiopresidenteibanez.cl\/web\/wp-json\/wp\/v2\/comments?post=14143"}],"version-history":[{"count":0,"href":"https:\/\/www.radiopresidenteibanez.cl\/web\/wp-json\/wp\/v2\/posts\/14143\/revisions"}],"wp:featuredmedia":[{"embeddable":true,"href":"https:\/\/www.radiopresidenteibanez.cl\/web\/wp-json\/wp\/v2\/media\/14144"}],"wp:attachment":[{"href":"https:\/\/www.radiopresidenteibanez.cl\/web\/wp-json\/wp\/v2\/media?parent=14143"}],"wp:term":[{"taxonomy":"category","embeddable":true,"href":"https:\/\/www.radiopresidenteibanez.cl\/web\/wp-json\/wp\/v2\/categories?post=14143"},{"taxonomy":"post_tag","embeddable":true,"href":"https:\/\/www.radiopresidenteibanez.cl\/web\/wp-json\/wp\/v2\/tags?post=14143"}],"curies":[{"name":"wp","href":"https:\/\/api.w.org\/{rel}","templated":true}]}}