{"id":14141,"date":"2020-08-16T15:51:52","date_gmt":"2020-08-16T15:51:52","guid":{"rendered":"https:\/\/www.radiopresidenteibanez.cl\/web\/?p=14141"},"modified":"2020-08-16T15:52:16","modified_gmt":"2020-08-16T15:52:16","slug":"concejala-aguilar-critica-cobro-presencial-con-cheque-por-devolucion-de-patentes","status":"publish","type":"post","link":"https:\/\/www.radiopresidenteibanez.cl\/web\/concejala-aguilar-critica-cobro-presencial-con-cheque-por-devolucion-de-patentes\/","title":{"rendered":"CONCEJALA AGUILAR CRITICA COBRO PRESENCIAL CON CHEQUE POR DEVOLUCI\u00d3N DE PATENTES"},"content":{"rendered":"\n<p>\u201cEs tremendamente irresponsable que el alcalde obligue a\ncientos de contribuyentes a cobrar sus devoluciones por patentes comerciales de\nmanera presencial, m\u00e1s a\u00fan cuando los contagios en nuestra ciudad han\naumentado\u201d, se\u00f1al\u00f3 la concejala Aguilar.<\/p>\n\n\n\n<p>El concejo comunal aprob\u00f3 hace algunas semanas la\nposibilidad de devolver casi 600 millones de pesos a cientos de contribuyentes\npuntarenenses, que por razones de pandemia no han podido abrir sus negocios, no\nocupando la patente comercial cancelada.<\/p>\n\n\n\n<p>Seg\u00fan explic\u00f3 la concejala Ver\u00f3nica Aguilar, \u201cesta medida\nfue aprobada por el concejo, pues me parece muy importante poder colaborar a\nnuestros vecinos cuando la situaci\u00f3n econ\u00f3mica ha estado muy complicada, es\ns\u00faper positivo que podamos realizar esta devoluci\u00f3n, sin embargo, la forma que\nha dispuesto el alcalde para ello, me parece tremendamente irresponsable,\nponiendo en riesgo a los funcionarios y funcionarias y tambi\u00e9n a los usuarios,\nque deber\u00e1n hacer el tr\u00e1mite de manera presencial\u201d.<\/p>\n\n\n\n<p>Seg\u00fan se ha dado a conocer, este lunes corresponde la\nentrega de los primeros 300 cheques, esto obligar\u00e1 a que los contribuyentes\nasistan presencialmente a retirar el documento, firmar un comprobante, y luego\nhacer fila en el banco para deposito o cobro.<\/p>\n\n\n\n<p>Se esperan que sean 3 mil los cheques que se entreguen en un\nperiodo de 2 a 3 semanas, a lo que a juicio de la concejala Aguilar, es\nimprudente, manifestando que \u201choy nuestra comuna est\u00e1 enfrentando una segunda\nola de contagios, y nos debemos cuidar todos y todas, esta medida, claramente\nno es la correcta, creo que se debi\u00f3 iniciar los dep\u00f3sitos o transferencias\nbancarias, la documentaci\u00f3n podr\u00eda haber sido online, parcializada por sector\necon\u00f3mico, es decir se pueden buscar otras formas evitando una exposici\u00f3n mayor\ny si es que hubiesen inconvenientes, se ve caso a caso, pero obligar a que\nnuestros vecinos sigan haciendo filas, exponi\u00e9ndose ellos y los funcionarios,\nsolo por no querer aplicar una f\u00f3rmula de transferencias, me parece que es\ninjusto e indigno\u201d.<\/p>\n","protected":false},"excerpt":{"rendered":"<p>\u201cEs tremendamente irresponsable que el alcalde obligue a cientos de contribuyentes a cobrar sus devoluciones por patentes comerciales de manera presencial, m\u00e1s a\u00fan cuando los contagios en nuestra ciudad han&#8230; <a class=\"read-more\" href=\"https:\/\/www.radiopresidenteibanez.cl\/web\/concejala-aguilar-critica-cobro-presencial-con-cheque-por-devolucion-de-patentes\/\">Leer m\u00e1s<\/a><\/p>\n","protected":false},"author":2,"featured_media":14059,"comment_status":"closed","ping_status":"closed","sticky":false,"template":"","format":"standard","meta":{"footnotes":""},"categories":[1],"tags":[],"class_list":["post-14141","post","type-post","status-publish","format-standard","has-post-thumbnail","hentry","category-cronica"],"_links":{"self":[{"href":"https:\/\/www.radiopresidenteibanez.cl\/web\/wp-json\/wp\/v2\/posts\/14141","targetHints":{"allow":["GET"]}}],"collection":[{"href":"https:\/\/www.radiopresidenteibanez.cl\/web\/wp-json\/wp\/v2\/posts"}],"about":[{"href":"https:\/\/www.radiopresidenteibanez.cl\/web\/wp-json\/wp\/v2\/types\/post"}],"author":[{"embeddable":true,"href":"https:\/\/www.radiopresidenteibanez.cl\/web\/wp-json\/wp\/v2\/users\/2"}],"replies":[{"embeddable":true,"href":"https:\/\/www.radiopresidenteibanez.cl\/web\/wp-json\/wp\/v2\/comments?post=14141"}],"version-history":[{"count":0,"href":"https:\/\/www.radiopresidenteibanez.cl\/web\/wp-json\/wp\/v2\/posts\/14141\/revisions"}],"wp:featuredmedia":[{"embeddable":true,"href":"https:\/\/www.radiopresidenteibanez.cl\/web\/wp-json\/wp\/v2\/media\/14059"}],"wp:attachment":[{"href":"https:\/\/www.radiopresidenteibanez.cl\/web\/wp-json\/wp\/v2\/media?parent=14141"}],"wp:term":[{"taxonomy":"category","embeddable":true,"href":"https:\/\/www.radiopresidenteibanez.cl\/web\/wp-json\/wp\/v2\/categories?post=14141"},{"taxonomy":"post_tag","embeddable":true,"href":"https:\/\/www.radiopresidenteibanez.cl\/web\/wp-json\/wp\/v2\/tags?post=14141"}],"curies":[{"name":"wp","href":"https:\/\/api.w.org\/{rel}","templated":true}]}}