{"id":14138,"date":"2020-08-16T15:48:32","date_gmt":"2020-08-16T15:48:32","guid":{"rendered":"https:\/\/www.radiopresidenteibanez.cl\/web\/?p=14138"},"modified":"2020-08-16T15:48:59","modified_gmt":"2020-08-16T15:48:59","slug":"gobierno-logra-acuerdo-con-gremios-y-anuncia-medidas-de-apoyo-economico-a-transportistas","status":"publish","type":"post","link":"https:\/\/www.radiopresidenteibanez.cl\/web\/gobierno-logra-acuerdo-con-gremios-y-anuncia-medidas-de-apoyo-economico-a-transportistas\/","title":{"rendered":"GOBIERNO LOGRA ACUERDO CON GREMIOS Y ANUNCIA MEDIDAS DE APOYO ECON\u00d3MICO A TRANSPORTISTAS"},"content":{"rendered":"\n<p>\u00abEstamos\nmuy contentos de anunciar que los ministros de Hacienda, Ignacio Briones,\nTransporte y Telecomunicaciones, Gloria Hutt y de Desarrollo Social y Familia,\nKarla Rubilar llegaron a un acuerdo con los representantes de distintos gremios\ndel transporte, agrupados en CONTTRAMEN, CONATACOCH y CONFENATACH, para la\nentrega de ayudas econ\u00f3micas directas a este sector que ha debido enfrentar\nmuchas dificultades por los efectos de la pandemia\u00bb, expres\u00f3 el seremi de\nTransportes Marco Mella.<\/p>\n\n\n\n<p>\u201cEl acuerdo\nconsiste en la entrega de un bono por \u00fanica vez de $350 mil y la posibilidad de\nacceder a un pr\u00e9stamo de emergencia exclusivo de $320.500, que se podr\u00e1\nsolicitar hasta tres veces. Podr\u00e1n acceder a \u00e9l taxis b\u00e1sicos, los taxis\ncolectivos, el transporte escolar y el transporte p\u00fablico urbano y rural de\nregiones\u201d, detall\u00f3.<\/p>\n\n\n\n<p>El seremi,\ndestac\u00f3 el buen puerto al que lleg\u00f3 el trabajo de la mesa, ya que implica un\nesfuerzo del Estado para ayudar directamente a un sector vital de nuestra\neconom\u00eda y que hoy sufre los embates de la pandemia.<\/p>\n\n\n\n<p><strong>El bono<\/strong><\/p>\n\n\n\n<p>Consiste en un\nbono \u00fanico por $350.000. Se podr\u00e1 solicitar por un per\u00edodo de 60 d\u00edas a contar\ndel d\u00eda en que la ley est\u00e9 vigente, al que podr\u00e1n acceder personas naturales o\njur\u00eddicas. El bono ser\u00e1 compatible con todos los dem\u00e1s beneficios aprobados en\nel Congreso con motivo de la situaci\u00f3n de pandemia COVID-19. <\/p>\n\n\n\n<p>Asimismo, no estar\u00e1 afecto a impuestos\npor lo que no podr\u00e1 ser objeto de retenciones administrativas y tampoco ser\u00e1\nembargable. No obstante, podr\u00e1 ser retenido por deudas de pensiones\nalimenticias decretadas por el correspondiente Juzgado de Familia, en que\nTesorer\u00eda, una vez notificada de la resoluci\u00f3n de retenci\u00f3n o embargo, estar\u00e1\nfacultada para retener hasta un 50%.<\/p>\n\n\n\n<p>La solicitud\ndel bono se realizar\u00e1 ante el Ministerio de Transporte y Telecomunicaciones\nque, luego de verificar su procedencia, y sujeto a la aprobaci\u00f3n del Ministerio\nde Hacienda, lo comunicar\u00e1 a la Tesorer\u00eda General de Rep\u00fablica, quien ser\u00e1 el\norganismo encargado de la correspondiente transferencia.<\/p>\n\n\n\n<p><strong>El Pr\u00e9stamo<\/strong><\/p>\n\n\n\n<p>Se conceder\u00e1\nun pr\u00e9stamo financiado con un aporte fiscal, por un monto de $320.500 el que se\npodr\u00e1 solicitar mensualmente, por cada persona natural o jur\u00eddica que sea\nbeneficiaria, hasta en tres oportunidades. <\/p>\n\n\n\n<p>Se podr\u00e1\nacceder a las primeras dos cuotas desde el 1 de septiembre al 31 de diciembre\nde 2020, o tan pronto la ley que habilita la entrega de este pr\u00e9stamo est\u00e9\nvigente.<\/p>\n\n\n\n<p>El pr\u00e9stamo s\u00f3lo se reajustar\u00e1 por IPC, por lo que\ntendr\u00e1 una tasa de inter\u00e9s real de 0%. Tendr\u00e1 un a\u00f1o de gracia, debiendo enterarse la primera cuota en\nseptiembre de 2021. El pr\u00e9stamo ser\u00e1 compatible con todos los dem\u00e1s beneficios\naprobados en el Congreso con motivo de la situaci\u00f3n de pandemia COVID-19. <\/p>\n\n\n\n<p>El pr\u00e9stamo no\nestar\u00e1 afecto a impuestos, no podr\u00e1 ser objeto de retenciones administrativas,\nni ser\u00e1 embargable, salvo en el caso de retenciones por deudas de pensiones\nalimenticias decretadas por el correspondiente Juzgado de Familia, en que\nTesorer\u00eda, una vez notificada de la resoluci\u00f3n de retenci\u00f3n o embargo, estar\u00e1\nfacultada para retener hasta un 50%.<\/p>\n\n\n\n<p>Ambos\nbeneficios son objeto de un proyecto de ley que ser\u00e1 enviado al Congreso con\ndiscusi\u00f3n inmediata para su debate legislativo.<\/p>\n","protected":false},"excerpt":{"rendered":"<p>\u00abEstamos muy contentos de anunciar que los ministros de Hacienda, Ignacio Briones, Transporte y Telecomunicaciones, Gloria Hutt y de Desarrollo Social y Familia, Karla Rubilar llegaron a un acuerdo con&#8230; <a class=\"read-more\" href=\"https:\/\/www.radiopresidenteibanez.cl\/web\/gobierno-logra-acuerdo-con-gremios-y-anuncia-medidas-de-apoyo-economico-a-transportistas\/\">Leer m\u00e1s<\/a><\/p>\n","protected":false},"author":2,"featured_media":14139,"comment_status":"closed","ping_status":"closed","sticky":false,"template":"","format":"standard","meta":{"footnotes":""},"categories":[1],"tags":[],"class_list":["post-14138","post","type-post","status-publish","format-standard","has-post-thumbnail","hentry","category-cronica"],"_links":{"self":[{"href":"https:\/\/www.radiopresidenteibanez.cl\/web\/wp-json\/wp\/v2\/posts\/14138","targetHints":{"allow":["GET"]}}],"collection":[{"href":"https:\/\/www.radiopresidenteibanez.cl\/web\/wp-json\/wp\/v2\/posts"}],"about":[{"href":"https:\/\/www.radiopresidenteibanez.cl\/web\/wp-json\/wp\/v2\/types\/post"}],"author":[{"embeddable":true,"href":"https:\/\/www.radiopresidenteibanez.cl\/web\/wp-json\/wp\/v2\/users\/2"}],"replies":[{"embeddable":true,"href":"https:\/\/www.radiopresidenteibanez.cl\/web\/wp-json\/wp\/v2\/comments?post=14138"}],"version-history":[{"count":0,"href":"https:\/\/www.radiopresidenteibanez.cl\/web\/wp-json\/wp\/v2\/posts\/14138\/revisions"}],"wp:featuredmedia":[{"embeddable":true,"href":"https:\/\/www.radiopresidenteibanez.cl\/web\/wp-json\/wp\/v2\/media\/14139"}],"wp:attachment":[{"href":"https:\/\/www.radiopresidenteibanez.cl\/web\/wp-json\/wp\/v2\/media?parent=14138"}],"wp:term":[{"taxonomy":"category","embeddable":true,"href":"https:\/\/www.radiopresidenteibanez.cl\/web\/wp-json\/wp\/v2\/categories?post=14138"},{"taxonomy":"post_tag","embeddable":true,"href":"https:\/\/www.radiopresidenteibanez.cl\/web\/wp-json\/wp\/v2\/tags?post=14138"}],"curies":[{"name":"wp","href":"https:\/\/api.w.org\/{rel}","templated":true}]}}