{"id":14133,"date":"2020-08-14T17:31:31","date_gmt":"2020-08-14T17:31:31","guid":{"rendered":"https:\/\/www.radiopresidenteibanez.cl\/web\/?p=14133"},"modified":"2020-08-14T17:31:35","modified_gmt":"2020-08-14T17:31:35","slug":"vecinos-de-loteo-del-mar-participan-activamente-de-iniciativa-del-fosis-que-busca-financiar-iniciativa-comunitaria","status":"publish","type":"post","link":"https:\/\/www.radiopresidenteibanez.cl\/web\/vecinos-de-loteo-del-mar-participan-activamente-de-iniciativa-del-fosis-que-busca-financiar-iniciativa-comunitaria\/","title":{"rendered":"VECINOS DE LOTEO DEL MAR PARTICIPAN ACTIVAMENTE DE INICIATIVA DEL FOSIS QUE BUSCA FINANCIAR INICIATIVA COMUNITARIA"},"content":{"rendered":"\n<p>Desde el mes de diciembre del\na\u00f1o pasado se est\u00e1 ejecutando en este territorio el programa Acci\u00f3n Local, que\nimpulsa el Fondo de Solidaridad e Inversi\u00f3n Social, FOSIS, servicio relacionado\nal Ministerio de Desarrollo Social y Familia, el que tiene por objetivo formar\ny acompa\u00f1ar a los vecinos y actores relevantes de un determinado sector, para\nla b\u00fasqueda de soluciones a problem\u00e1ticas para mejorar su calidad de vida en\ncomunidad.<\/p>\n\n\n\n<p>Luego de un periodo de inserci\u00f3n, articulaci\u00f3n\ny realizaci\u00f3n de un diagn\u00f3stico territorial, actualmente, junto al ejecutor Educap, se est\u00e1\nimplementando la fase 2 del programa,\nconsistente en el Plan de Desarrollo Local para priorizar las necesidades del\nsector, el que se trabaja con un grupo motor, compuesto por alrededor de 20\nvecinos, que han participado de capacitaciones realizadas a trav\u00e9s de\nvideoconferencias y otros canales de comunicaci\u00f3n para realizar encuestas,\nevaluaci\u00f3n de conocimientos, entre otras que son parte del programa.<\/p>\n\n\n\n<p>El director regional del FOSIS, Hern\u00e1n Soto,\nexplic\u00f3 que \u201ca pesar de la contingencia sanitaria, tantos los vecinos, el\nejecutor y los profesionales del servicio se han adaptado a esta nueva forma de\ntrabajo, con gran compromiso de los dirigentes y actores del sector para\navanzar y cumplir con los objetivos de este programa. De igual manera la\nparticipaci\u00f3n en mesas de trabaj\u00f3 de servicios como SERNAMEG, SENAMA,\nconsultorio Carlos Iba\u00f1ez, Centro de la Mujer, entre otros de relevancia para\nel territorio\u201d.<\/p>\n\n\n\n<p>La presidenta de la Junta de\nVecinos N\u00ba 36 Loteo del Mar, Claudia C\u00e1rdenas, explic\u00f3 que \u201ces importante como\ncomunidad trabajar con instituciones como el FOSIS, que nos ayudan de una u\notra manera suplir las necesidades que tenemos como vecinos. Se han realizado\ncapacitaciones, video llamadas\u2026 la pandemia no ha sido un obst\u00e1culo para que sigamos\ntrabajando como vecinos. Las problem\u00e1ticas son a nivel social, de entorno y\nambientales, pero estamos priorizando con este proyecto el cierre perimetral de\nla sede, lo que nos va a permitir tener un resguardo para todos los vecinos\ncuando termine esto y hagamos actividades y reuniones los ni\u00f1os van a poder\njugar libremente teniendo la sede cerrada\u201d. <\/p>\n\n\n\n<p>\u201cNos ha ayudado mucho, hemos\naprendido c\u00f3mo hacer proyectos a futuro,&nbsp;\npara ver las necesidades de los vecinos que, de repente, uno desconoce\u201d,\nmanifiesta Miguelina Aguilar, secretaria de la misma organizaci\u00f3n, que adem\u00e1s\ndestaca que en este periodo de pandemia se han esforzado en tener la junta\nactiva para&nbsp; la organizaci\u00f3n de ollas\ncomunes.<\/p>\n\n\n\n<p>Actualmente se est\u00e1 trabajando\nen el Plan de Desarrollo Local, que validar\u00e1 la iniciativa que finalmente se\nrealizar\u00e1 en el sector y que ser\u00e1 financiada por el FOSIS, con una inversi\u00f3n de\n10 millones de pesos. El plazo de ejecuci\u00f3n es hasta mediados del mes de\nnoviembre. <\/p>\n","protected":false},"excerpt":{"rendered":"<p>Desde el mes de diciembre del a\u00f1o pasado se est\u00e1 ejecutando en este territorio el programa Acci\u00f3n Local, que impulsa el Fondo de Solidaridad e Inversi\u00f3n Social, FOSIS, servicio relacionado&#8230; <a class=\"read-more\" href=\"https:\/\/www.radiopresidenteibanez.cl\/web\/vecinos-de-loteo-del-mar-participan-activamente-de-iniciativa-del-fosis-que-busca-financiar-iniciativa-comunitaria\/\">Leer m\u00e1s<\/a><\/p>\n","protected":false},"author":2,"featured_media":14134,"comment_status":"closed","ping_status":"closed","sticky":false,"template":"","format":"standard","meta":{"footnotes":""},"categories":[1],"tags":[],"class_list":["post-14133","post","type-post","status-publish","format-standard","has-post-thumbnail","hentry","category-cronica"],"_links":{"self":[{"href":"https:\/\/www.radiopresidenteibanez.cl\/web\/wp-json\/wp\/v2\/posts\/14133","targetHints":{"allow":["GET"]}}],"collection":[{"href":"https:\/\/www.radiopresidenteibanez.cl\/web\/wp-json\/wp\/v2\/posts"}],"about":[{"href":"https:\/\/www.radiopresidenteibanez.cl\/web\/wp-json\/wp\/v2\/types\/post"}],"author":[{"embeddable":true,"href":"https:\/\/www.radiopresidenteibanez.cl\/web\/wp-json\/wp\/v2\/users\/2"}],"replies":[{"embeddable":true,"href":"https:\/\/www.radiopresidenteibanez.cl\/web\/wp-json\/wp\/v2\/comments?post=14133"}],"version-history":[{"count":0,"href":"https:\/\/www.radiopresidenteibanez.cl\/web\/wp-json\/wp\/v2\/posts\/14133\/revisions"}],"wp:featuredmedia":[{"embeddable":true,"href":"https:\/\/www.radiopresidenteibanez.cl\/web\/wp-json\/wp\/v2\/media\/14134"}],"wp:attachment":[{"href":"https:\/\/www.radiopresidenteibanez.cl\/web\/wp-json\/wp\/v2\/media?parent=14133"}],"wp:term":[{"taxonomy":"category","embeddable":true,"href":"https:\/\/www.radiopresidenteibanez.cl\/web\/wp-json\/wp\/v2\/categories?post=14133"},{"taxonomy":"post_tag","embeddable":true,"href":"https:\/\/www.radiopresidenteibanez.cl\/web\/wp-json\/wp\/v2\/tags?post=14133"}],"curies":[{"name":"wp","href":"https:\/\/api.w.org\/{rel}","templated":true}]}}