{"id":14128,"date":"2020-08-14T17:26:33","date_gmt":"2020-08-14T17:26:33","guid":{"rendered":"https:\/\/www.radiopresidenteibanez.cl\/web\/?p=14128"},"modified":"2020-08-14T17:26:37","modified_gmt":"2020-08-14T17:26:37","slug":"pdi-punta-arenas-detuvo-a-un-sujeto-por-el-delito-de-violacion","status":"publish","type":"post","link":"https:\/\/www.radiopresidenteibanez.cl\/web\/pdi-punta-arenas-detuvo-a-un-sujeto-por-el-delito-de-violacion\/","title":{"rendered":"PDI PUNTA ARENAS DETUVO A UN SUJETO POR EL DELITO DE VIOLACI\u00d3N"},"content":{"rendered":"\n<p>Detectives de la Brigada Investigadora de Delitos\nSexuales (Brisex) Punta Arenas detuvieron a un sujeto que contaba con una orden\nde detenci\u00f3n emanada del Juzgado de Garant\u00eda de la ciudad, por el delito de\nviolaci\u00f3n de menor de 14 a\u00f1os.<\/p>\n\n\n\n<p>\u201cEn el a\u00f1o 2019, una ni\u00f1a de 13 a\u00f1os de edad devela\nagresiones sexuales por parte de la ex pareja de su madre. Esta investigaci\u00f3n\nestuvo a cargo de esta brigada especializada y se pudo establecer que las\nagresiones sexuales habr\u00edan sido reiteradas en el tiempo y desde cuando la ni\u00f1a\nten\u00eda 9 a\u00f1os de edad, se\u00f1al\u00f3 el subcomisario Carlos Anton\u00edn, jefe de la Brisex\nPunta Arenas. <\/p>\n\n\n\n<p>Con estos antecedentes, el Ministerio P\u00fablico solicit\u00f3\nla respectiva orden de detenci\u00f3n del sujeto de 58 a\u00f1os y detectives de la\nBrigada Investigadora de Delitos Sexuales Punta Arenas concretaron su\naprehensi\u00f3n, la noche de este jueves, en el sector c\u00e9ntrico de la ciudad. <\/p>\n\n\n\n<p>El imputado fue puesto a disposici\u00f3n del Juzgado de\nGarant\u00eda de Punta Arenas y este viernes se efectuar\u00e1 la respectiva audiencia de\ncontrol de detenci\u00f3n, con la modalidad de videollamada, debido a la emergencia\nsanitaria. <\/p>\n","protected":false},"excerpt":{"rendered":"<p>Detectives de la Brigada Investigadora de Delitos Sexuales (Brisex) Punta Arenas detuvieron a un sujeto que contaba con una orden de detenci\u00f3n emanada del Juzgado de Garant\u00eda de la ciudad,&#8230; <a class=\"read-more\" href=\"https:\/\/www.radiopresidenteibanez.cl\/web\/pdi-punta-arenas-detuvo-a-un-sujeto-por-el-delito-de-violacion\/\">Leer m\u00e1s<\/a><\/p>\n","protected":false},"author":2,"featured_media":4141,"comment_status":"closed","ping_status":"closed","sticky":false,"template":"","format":"standard","meta":{"footnotes":""},"categories":[1],"tags":[],"class_list":["post-14128","post","type-post","status-publish","format-standard","has-post-thumbnail","hentry","category-cronica"],"_links":{"self":[{"href":"https:\/\/www.radiopresidenteibanez.cl\/web\/wp-json\/wp\/v2\/posts\/14128","targetHints":{"allow":["GET"]}}],"collection":[{"href":"https:\/\/www.radiopresidenteibanez.cl\/web\/wp-json\/wp\/v2\/posts"}],"about":[{"href":"https:\/\/www.radiopresidenteibanez.cl\/web\/wp-json\/wp\/v2\/types\/post"}],"author":[{"embeddable":true,"href":"https:\/\/www.radiopresidenteibanez.cl\/web\/wp-json\/wp\/v2\/users\/2"}],"replies":[{"embeddable":true,"href":"https:\/\/www.radiopresidenteibanez.cl\/web\/wp-json\/wp\/v2\/comments?post=14128"}],"version-history":[{"count":0,"href":"https:\/\/www.radiopresidenteibanez.cl\/web\/wp-json\/wp\/v2\/posts\/14128\/revisions"}],"wp:featuredmedia":[{"embeddable":true,"href":"https:\/\/www.radiopresidenteibanez.cl\/web\/wp-json\/wp\/v2\/media\/4141"}],"wp:attachment":[{"href":"https:\/\/www.radiopresidenteibanez.cl\/web\/wp-json\/wp\/v2\/media?parent=14128"}],"wp:term":[{"taxonomy":"category","embeddable":true,"href":"https:\/\/www.radiopresidenteibanez.cl\/web\/wp-json\/wp\/v2\/categories?post=14128"},{"taxonomy":"post_tag","embeddable":true,"href":"https:\/\/www.radiopresidenteibanez.cl\/web\/wp-json\/wp\/v2\/tags?post=14128"}],"curies":[{"name":"wp","href":"https:\/\/api.w.org\/{rel}","templated":true}]}}