{"id":14114,"date":"2020-08-14T12:55:38","date_gmt":"2020-08-14T12:55:38","guid":{"rendered":"https:\/\/www.radiopresidenteibanez.cl\/web\/?p=14114"},"modified":"2020-08-14T12:55:42","modified_gmt":"2020-08-14T12:55:42","slug":"diputado-bianchi-exige-suspender-la-entrada-en-vigencia-de-ley-que-obliga-a-entregar-boletas-electronicas","status":"publish","type":"post","link":"https:\/\/www.radiopresidenteibanez.cl\/web\/diputado-bianchi-exige-suspender-la-entrada-en-vigencia-de-ley-que-obliga-a-entregar-boletas-electronicas\/","title":{"rendered":"DIPUTADO BIANCHI EXIGE SUSPENDER LA ENTRADA EN VIGENCIA DE LEY QUE OBLIGA A ENTREGAR BOLETAS ELECTR\u00d3NICAS"},"content":{"rendered":"\n<p>El parlamentario ofici\u00f3 al presidente Pi\u00f1era, solicit\u00e1ndole la\nsuspensi\u00f3n de la entrada en vigencia de la ley 21.210 sobre Modernizaci\u00f3n\nTributaria que obliga la emisi\u00f3n de boleta electr\u00f3nica a todos los\ncontribuyentes de boletas de ventas y servicios en papel, sean o no\nfacturadores electr\u00f3nicos.<\/p>\n\n\n\n<p>Esta obligatoriedad comienza el mes de septiembre para los usuarios que\nest\u00e9n emitiendo factura electr\u00f3nica y desde marzo del 2021 para el resto de\ncontribuyentes.&nbsp; <\/p>\n\n\n\n<p>As\u00ed, el diputado independiente se\u00f1ala que la situaci\u00f3n actual y el\ndesarrollo tecnol\u00f3gico esperado al momento de la publicaci\u00f3n de la ley no ha\ncumplido con las expectativas, menos en el contexto de una de las crisis\necon\u00f3micas m\u00e1s grandes de los \u00faltimos a\u00f1os, por lo que una iniciativa destinada\na ser un apoyo a los contribuyentes, se convierte en un problema.<\/p>\n\n\n\n<p>Bianchi afirma que las consecuencias negativas que trae la exigencia de\nesta boleta electr\u00f3nica se hacen m\u00e1s evidentes en las zonas extremas de nuestro\npa\u00eds, como por ejemplo en Magallanes, ya que la conexi\u00f3n muchas veces es\ninestable, la cobertura de datos es escaza y la capacitaci\u00f3n necesaria para\noperar programas computacionales no es la \u00f3ptima.<\/p>\n\n\n\n<p>De esta manera, la entrada en vigencia de esta ley provocar\u00eda un\ndesincentivo a la econom\u00eda seg\u00fan el parlamentario, en especial a los micro y\npeque\u00f1os empresarios, razones por las que solicita se suspenda y as\u00ed no afectar\na cientos de chilenas y chilenos.<\/p>\n","protected":false},"excerpt":{"rendered":"<p>El parlamentario ofici\u00f3 al presidente Pi\u00f1era, solicit\u00e1ndole la suspensi\u00f3n de la entrada en vigencia de la ley 21.210 sobre Modernizaci\u00f3n Tributaria que obliga la emisi\u00f3n de boleta electr\u00f3nica a todos&#8230; <a class=\"read-more\" href=\"https:\/\/www.radiopresidenteibanez.cl\/web\/diputado-bianchi-exige-suspender-la-entrada-en-vigencia-de-ley-que-obliga-a-entregar-boletas-electronicas\/\">Leer m\u00e1s<\/a><\/p>\n","protected":false},"author":2,"featured_media":5567,"comment_status":"closed","ping_status":"closed","sticky":false,"template":"","format":"standard","meta":{"footnotes":""},"categories":[1],"tags":[],"class_list":["post-14114","post","type-post","status-publish","format-standard","has-post-thumbnail","hentry","category-cronica"],"_links":{"self":[{"href":"https:\/\/www.radiopresidenteibanez.cl\/web\/wp-json\/wp\/v2\/posts\/14114","targetHints":{"allow":["GET"]}}],"collection":[{"href":"https:\/\/www.radiopresidenteibanez.cl\/web\/wp-json\/wp\/v2\/posts"}],"about":[{"href":"https:\/\/www.radiopresidenteibanez.cl\/web\/wp-json\/wp\/v2\/types\/post"}],"author":[{"embeddable":true,"href":"https:\/\/www.radiopresidenteibanez.cl\/web\/wp-json\/wp\/v2\/users\/2"}],"replies":[{"embeddable":true,"href":"https:\/\/www.radiopresidenteibanez.cl\/web\/wp-json\/wp\/v2\/comments?post=14114"}],"version-history":[{"count":0,"href":"https:\/\/www.radiopresidenteibanez.cl\/web\/wp-json\/wp\/v2\/posts\/14114\/revisions"}],"wp:featuredmedia":[{"embeddable":true,"href":"https:\/\/www.radiopresidenteibanez.cl\/web\/wp-json\/wp\/v2\/media\/5567"}],"wp:attachment":[{"href":"https:\/\/www.radiopresidenteibanez.cl\/web\/wp-json\/wp\/v2\/media?parent=14114"}],"wp:term":[{"taxonomy":"category","embeddable":true,"href":"https:\/\/www.radiopresidenteibanez.cl\/web\/wp-json\/wp\/v2\/categories?post=14114"},{"taxonomy":"post_tag","embeddable":true,"href":"https:\/\/www.radiopresidenteibanez.cl\/web\/wp-json\/wp\/v2\/tags?post=14114"}],"curies":[{"name":"wp","href":"https:\/\/api.w.org\/{rel}","templated":true}]}}