{"id":14105,"date":"2020-08-14T12:49:48","date_gmt":"2020-08-14T12:49:48","guid":{"rendered":"https:\/\/www.radiopresidenteibanez.cl\/web\/?p=14105"},"modified":"2020-08-14T12:50:02","modified_gmt":"2020-08-14T12:50:02","slug":"comienza-a-operar-primer-camion-de-transporte-de-enap-que-utiliza-gas-natural-licuado","status":"publish","type":"post","link":"https:\/\/www.radiopresidenteibanez.cl\/web\/comienza-a-operar-primer-camion-de-transporte-de-enap-que-utiliza-gas-natural-licuado\/","title":{"rendered":"COMIENZA A OPERAR PRIMER CAMI\u00d3N DE TRANSPORTE DE ENAP QUE UTILIZA GAS NATURAL LICUADO"},"content":{"rendered":"\n<p>Marcando\nun nuevo hito en su compromiso con una matriz energ\u00e9tica nacional m\u00e1s limpia y\nsostenible, el pasado 7 de agosto comenz\u00f3 a operar el primer cami\u00f3n de la flota\nde ENAP que utiliza Gas Natural Licuado (GNL).<\/p>\n\n\n\n<p>Se\ntrata de un veh\u00edculo m\u00e1s eficiente, no ruidoso y que emite 15% menos gases de\nefecto invernadero, comparado con un veh\u00edculo hom\u00f3logo que utilice di\u00e9sel.<\/p>\n\n\n\n<p>Fabricado\npor la firma italiana Iveco y operado por la empresa de Transportes Santa Mar\u00eda\ny Cryolab, este veh\u00edculo inici\u00f3 su viaje inaugural desde el Terminal GNL de\nQuintero, donde realiz\u00f3 su primera carga de combustible bajo estrictas medidas\nde seguridad. <\/p>\n\n\n\n<p>Con\nuna autonom\u00eda de 1.600 kil\u00f3metros aproximadamente, el cami\u00f3n lleg\u00f3 hasta la\nPlanta de Regasificaci\u00f3n de ENAP en Pemuco, desde donde se inyect\u00f3 el gas\ntransportado a la red de Concepci\u00f3n.<\/p>\n\n\n\n<p>Testigo\nde esta primera carga fue el ministro de Energ\u00eda, <strong>Juan Carlos Jobet<\/strong>,\nquien acudi\u00f3 al Terminal de Quintero para presenciar \u201ceste gran ejemplo del\nequipo de ENAP, que demuestra lo que se puede hacer con creatividad e innovaci\u00f3n\u201d,\nse\u00f1al\u00f3.<\/p>\n\n\n\n<p>El secretario de Estado recalc\u00f3 que \u201cqueremos empujar hacia una\nmatriz energ\u00e9tica m\u00e1s amigable con el medioambiente. Y este es un cami\u00f3n que\nconsume GNL, que casi no contamina. Tiene una autonom\u00eda muy grande y, adem\u00e1s,\nes mucho m\u00e1s silencioso, lo que mejora la calidad de vida de las personas, pero\nadem\u00e1s hace m\u00e1s grata la conducci\u00f3n (\u2026) Es un muy buen ejemplo de que podemos\ngenerar inversi\u00f3n, mayor eficiencia en las operaciones y adem\u00e1s cuidar el\nmedioambiente. El gobierno est\u00e1 comprometido con transitar hacia una matriz m\u00e1s\nlimpia y espec\u00edficamente limpiar el transporte, que es uno de los sectores m\u00e1s\ncomplicados\u201d.<\/p>\n\n\n\n<p>Junto con agradecer la presencia del titular\nde Energ\u00eda, el gerente general de ENAP, <strong>Andr\u00e9s Roccatagliata<\/strong>, destac\u00f3 que\n\u201ccomo empresa p\u00fablica clave para el abastecimiento de combustibles en el pa\u00eds,\nestamos dando un ejemplo, innovando, para pasar a una tecnolog\u00eda que es m\u00e1s\namigable con el medioambiente. Estamos muy contentos de presentar el primer\ncami\u00f3n 100% a Gas Natural Licuado de nuestra flota\u201d.<\/p>\n\n\n\n<p>El m\u00e1ximo ejecutivo subray\u00f3 que el objetivo\nde la estatal es \u201cno es quedarnos en esta experiencia piloto, sino que queremos\nque se entusiasme el resto de las compa\u00f1\u00edas, el resto de la flota, el resto de los\ntransportistas, para que vayamos mirando esta tecnolog\u00eda que se justifica con\ncreces\u201d. <\/p>\n\n\n\n<p>De hecho, este cami\u00f3n es\nparte del proyecto que la Gerencia de Gas y Energ\u00eda de ENAP ha desarrollado con\nel objetivo de instalar al GNL como un combustible alternativo para el\ntransporte de carga por carretera y el transporte p\u00fablico.&nbsp;<\/p>\n\n\n\n<p>En la actualidad, la\nestatal dispone de una flota de 94 camiones que recorren anualmente cerca de\n18.000.000 de kil\u00f3metros entre sus distintas instalaciones y hacia sus\nprincipales clientes, de manera de garantizar el combustible al pa\u00eds.<\/p>\n\n\n\n<p>De acuerdo con los\nresultados de estos primeros recorridos, la compa\u00f1\u00eda podr\u00eda iniciar el proceso de conversi\u00f3n\ngradual de sus veh\u00edculos, permitiendo capturar las ventajas econ\u00f3micas y\nmedioambientales que el GNL otorga al transporte de carga por carretera.<\/p>\n\n\n\n<p>Es importante destacar que los veh\u00edculos de\ntransporte que utilizan GNL como combustible se han convertido en una tendencia\nmundial. Europa lidera estos esfuerzos, a trav\u00e9s de la iniciativa GNL Blue\nCorridors, que incluye la creaci\u00f3n de corredores en toda la Eurozona, con\npuntos estrat\u00e9gicos de reabastecimiento de GNL en las principales carreteras.<\/p>\n","protected":false},"excerpt":{"rendered":"<p>Marcando un nuevo hito en su compromiso con una matriz energ\u00e9tica nacional m\u00e1s limpia y sostenible, el pasado 7 de agosto comenz\u00f3 a operar el primer cami\u00f3n de la flota&#8230; <a class=\"read-more\" href=\"https:\/\/www.radiopresidenteibanez.cl\/web\/comienza-a-operar-primer-camion-de-transporte-de-enap-que-utiliza-gas-natural-licuado\/\">Leer m\u00e1s<\/a><\/p>\n","protected":false},"author":2,"featured_media":14106,"comment_status":"closed","ping_status":"closed","sticky":false,"template":"","format":"standard","meta":{"footnotes":""},"categories":[1],"tags":[],"class_list":["post-14105","post","type-post","status-publish","format-standard","has-post-thumbnail","hentry","category-cronica"],"_links":{"self":[{"href":"https:\/\/www.radiopresidenteibanez.cl\/web\/wp-json\/wp\/v2\/posts\/14105","targetHints":{"allow":["GET"]}}],"collection":[{"href":"https:\/\/www.radiopresidenteibanez.cl\/web\/wp-json\/wp\/v2\/posts"}],"about":[{"href":"https:\/\/www.radiopresidenteibanez.cl\/web\/wp-json\/wp\/v2\/types\/post"}],"author":[{"embeddable":true,"href":"https:\/\/www.radiopresidenteibanez.cl\/web\/wp-json\/wp\/v2\/users\/2"}],"replies":[{"embeddable":true,"href":"https:\/\/www.radiopresidenteibanez.cl\/web\/wp-json\/wp\/v2\/comments?post=14105"}],"version-history":[{"count":0,"href":"https:\/\/www.radiopresidenteibanez.cl\/web\/wp-json\/wp\/v2\/posts\/14105\/revisions"}],"wp:featuredmedia":[{"embeddable":true,"href":"https:\/\/www.radiopresidenteibanez.cl\/web\/wp-json\/wp\/v2\/media\/14106"}],"wp:attachment":[{"href":"https:\/\/www.radiopresidenteibanez.cl\/web\/wp-json\/wp\/v2\/media?parent=14105"}],"wp:term":[{"taxonomy":"category","embeddable":true,"href":"https:\/\/www.radiopresidenteibanez.cl\/web\/wp-json\/wp\/v2\/categories?post=14105"},{"taxonomy":"post_tag","embeddable":true,"href":"https:\/\/www.radiopresidenteibanez.cl\/web\/wp-json\/wp\/v2\/tags?post=14105"}],"curies":[{"name":"wp","href":"https:\/\/api.w.org\/{rel}","templated":true}]}}