{"id":14101,"date":"2020-08-13T18:40:04","date_gmt":"2020-08-13T18:40:04","guid":{"rendered":"https:\/\/www.radiopresidenteibanez.cl\/web\/?p=14101"},"modified":"2020-08-13T18:40:08","modified_gmt":"2020-08-13T18:40:08","slug":"pulso-sindical-diario-de-la-cgt-chile-2","status":"publish","type":"post","link":"https:\/\/www.radiopresidenteibanez.cl\/web\/pulso-sindical-diario-de-la-cgt-chile-2\/","title":{"rendered":"PULSO SINDICAL DIARIO DE LA CGT CHILE"},"content":{"rendered":"\n<p>1.- Hace algunos d\u00edas presentamos un conjunto de propuestas\nde modificaci\u00f3n a las normas del trabajo. Junto con agradecer todas y cada una\nde las opiniones que nos han llegado, queremos decir que propuestas como el no\ndescuento del aporte patronal al seguro de cesantia cuando hay pago de\nindemnizacion, as\u00ed como que el pago del aporte que corresponde a los\ntrabajadores sea de cargo del empleador, ya lo hemos concretado en varias\nnegociaciones colectivas de sindicatos afiliados a la CGT, por lo que no se\ntrata de algo inalcanzable.<\/p>\n\n\n\n<p>Y respecto de la invitaci\u00f3n a demandar un nuevo c\u00f3digo del\ntrabajo, decir que la misma es v\u00e1lida y justa, pero bajo el actual sistema los\ntrabajadores deber\u00e1n ir conquistando a tirones sus demandas m\u00e1s sentidas y eso\npasa por tener organizaci\u00f3n.<\/p>\n\n\n\n<p>2.- Respecto de la propuesta que hemos presentado\n\u00abSOBRE LA ORGANIZACI\u00d3N SINDICAL\u00bb donde decimos que \u00abLa\nlegislaci\u00f3n nacional establecer\u00e1 de manera clara y categ\u00f3rica, que los deberes\ny derechos de las organizaciones sindicales que se pueden constituir as\u00ed como\nlos de sus dirigentes y asociados sean lo mismo para todas, m\u00e1s all\u00e1 de si\nagrupan a trabajadores de una o de m\u00e1s de una empresa\u00bb, est\u00e1 se sustenta\nen la discriminaci\u00f3n evidente que la actual legislaci\u00f3n hace, d\u00f3nde se\nestablecen exigencias distintas seg\u00fan el tipo de sindicato que se constituya.<\/p>\n\n\n\n<p>En efecto, y aunque el articulo 218 indica claramente\nquienes pueden jugar el rol de ministros de fe, en el articulo 221 se\ndiscrimina ya que mientras para constituir un sindicato de empresa se puede\ndisponer de los ministros de fe indicados en el art\u00edculo 218, para constituir\nun sindicato de interempresas solo puede ser en presencia de un inspector del\ntrabajo.<\/p>\n\n\n\n<p>Y las cosas no terminan all\u00ed, ya que mientras con 25\ntrabajadores se eligen 3 dirigentes en el sindicato de empresa, para que los\ntrabajadores de una empresa afiliados a un sindicato interempresas tengan 3\nrepresentantes con fuero, deben contar con a lo menos 76 trabajadores.<\/p>\n\n\n\n<p>3.- Finalmente se hace necesario llamar la atenci\u00f3n ante la\npoca protecci\u00f3n con que cuentan los trabajadores para organizarse.<\/p>\n\n\n\n<p>No solo est\u00e1 la existencia de las listas negras en muchas\nempresas, sino tambi\u00e9n el hecho cierto de que producto de la delaci\u00f3n o la\nfiltraci\u00f3n muchos trabajadores son despedidos antes de lograr ser protegidos\npor los fueros.<\/p>\n\n\n\n<p>Esto indica lo urgente que se hace incorporar en el articulo\n215, las sanciones a aplicar a los patrones que impiden o dificultan la\norganizaci\u00f3n sindical, sanciones que deben establecer una alta multa para\ndesincentivar la persecuci\u00f3n, as\u00ed como la invalidez del despido cuando se\npruebe la pr\u00e1ctica antisindical.&nbsp; <\/p>\n\n\n\n<p>Solo millones de organizados conseguir\u00e1n dar luz verde y\nconcretar demandas b\u00e1sicas de la clase trabajadora.<\/p>\n","protected":false},"excerpt":{"rendered":"<p>1.- Hace algunos d\u00edas presentamos un conjunto de propuestas de modificaci\u00f3n a las normas del trabajo. Junto con agradecer todas y cada una de las opiniones que nos han llegado,&#8230; <a class=\"read-more\" href=\"https:\/\/www.radiopresidenteibanez.cl\/web\/pulso-sindical-diario-de-la-cgt-chile-2\/\">Leer m\u00e1s<\/a><\/p>\n","protected":false},"author":2,"featured_media":14102,"comment_status":"closed","ping_status":"closed","sticky":false,"template":"","format":"standard","meta":{"footnotes":""},"categories":[1],"tags":[],"class_list":["post-14101","post","type-post","status-publish","format-standard","has-post-thumbnail","hentry","category-cronica"],"_links":{"self":[{"href":"https:\/\/www.radiopresidenteibanez.cl\/web\/wp-json\/wp\/v2\/posts\/14101","targetHints":{"allow":["GET"]}}],"collection":[{"href":"https:\/\/www.radiopresidenteibanez.cl\/web\/wp-json\/wp\/v2\/posts"}],"about":[{"href":"https:\/\/www.radiopresidenteibanez.cl\/web\/wp-json\/wp\/v2\/types\/post"}],"author":[{"embeddable":true,"href":"https:\/\/www.radiopresidenteibanez.cl\/web\/wp-json\/wp\/v2\/users\/2"}],"replies":[{"embeddable":true,"href":"https:\/\/www.radiopresidenteibanez.cl\/web\/wp-json\/wp\/v2\/comments?post=14101"}],"version-history":[{"count":0,"href":"https:\/\/www.radiopresidenteibanez.cl\/web\/wp-json\/wp\/v2\/posts\/14101\/revisions"}],"wp:featuredmedia":[{"embeddable":true,"href":"https:\/\/www.radiopresidenteibanez.cl\/web\/wp-json\/wp\/v2\/media\/14102"}],"wp:attachment":[{"href":"https:\/\/www.radiopresidenteibanez.cl\/web\/wp-json\/wp\/v2\/media?parent=14101"}],"wp:term":[{"taxonomy":"category","embeddable":true,"href":"https:\/\/www.radiopresidenteibanez.cl\/web\/wp-json\/wp\/v2\/categories?post=14101"},{"taxonomy":"post_tag","embeddable":true,"href":"https:\/\/www.radiopresidenteibanez.cl\/web\/wp-json\/wp\/v2\/tags?post=14101"}],"curies":[{"name":"wp","href":"https:\/\/api.w.org\/{rel}","templated":true}]}}