{"id":14098,"date":"2020-08-13T18:38:16","date_gmt":"2020-08-13T18:38:16","guid":{"rendered":"https:\/\/www.radiopresidenteibanez.cl\/web\/?p=14098"},"modified":"2020-08-13T18:38:19","modified_gmt":"2020-08-13T18:38:19","slug":"funcionarios-municipales-de-natales-se-realizan-examenes-preventivos-de-pcr","status":"publish","type":"post","link":"https:\/\/www.radiopresidenteibanez.cl\/web\/funcionarios-municipales-de-natales-se-realizan-examenes-preventivos-de-pcr\/","title":{"rendered":"FUNCIONARIOS MUNICIPALES DE NATALES SE REALIZAN EX\u00c1MENES PREVENTIVOS DE PCR"},"content":{"rendered":"\n<p>En el marco de la estrategia nacional de testeo,\ntrazabilidad y aislamiento, el Cesfam de Puerto Natales comenz\u00f3 a realizar test\nPCR a los funcionarios municipales de los departamentos y servicios que\ntrabajan efectuando atenciones al p\u00fablico.<\/p>\n\n\n\n<p>La estrategia comienza con estos funcionarios y se\nextender\u00e1 a todos los colaboradores del municipio y gobernaci\u00f3n, anticip\u00e1ndose\ny realizando una b\u00fasqueda activa del virus en los funcionarios.<\/p>\n\n\n\n<p>El jefe comunal, Fernando Paredes Masilla, sostuvo que\n\u201cla visi\u00f3n que tiene nuestro Concejo Municipal en materia de salud es una\nvisi\u00f3n bien amplia, y entendiendo que estamos en una emergencia sanitaria,\nhemos validado un proceso que va a permitir hacer muestras PCR a toda la\npoblaci\u00f3n de Puerto Natales, pero tambi\u00e9n a todas instituciones p\u00fablicas de\nnuestra ciudad\u201d.<\/p>\n\n\n\n<p>Asimismo, el alcalde aprovech\u00f3 la instancia para\nagradecer la labor realizada por los profesionales del Cesfam Dr. Juan Lozic\nP\u00e9rez. \u201cNuestro equipo de salud primaria desde hace ya bastante tiempo ha\nestado trabajando y como ustedes pueden ver siempre en terreno, est\u00e1 la nueva\nmodalidad Sapu funcionando en el Cesfam, y es importante se\u00f1alar que todas\nestas medidas contribuyen a que nuestra poblaci\u00f3n tenga hoy d\u00eda una positividad\nmuy baja desde el punto de vista del coronavirus\u201d.<\/p>\n\n\n\n<p>Por su parte, el gobernador de la provincia de \u00daltima\nEsperanza, se\u00f1al\u00f3 que \u201clos servicios p\u00fablicos est\u00e1n muy conectados con la\natenci\u00f3n de personas y es importante chequear y testear ah\u00ed como estamos. Esta\npol\u00edtica tiene por finalidad pesquisar y lo m\u00e1s probable es que vamos a conocer\nde algunos casos, ya que la l\u00f3gica de esto es detectar a personas\nasintom\u00e1ticas\u201d, indic\u00f3 Ra\u00fal Suazo Mardones.<\/p>\n\n\n\n<p>El comandante del Destacamento Acorazado N\u00ba5 Lanceros,\nPatricio Zamora Chaparro, destac\u00f3 la medida de testear permanentemente a las\npersonas que est\u00e1n en contacto con p\u00fablico. \u201cTransmitir la tranquilidad a la\ngente y decir que el personal militar que se encuentra desplegado en las\ndiferentes partes de la ciudad tambi\u00e9n est\u00e1 siendo testeado\u201d.<\/p>\n\n\n\n<p>Durante esta jornada se ejecutaron 60 test PCR en\nfuncionarios municipales altamente expuestos, situaci\u00f3n que continuar\u00e1 durante\nlas pr\u00f3ximas semanas en los funcionarios de otras unidades.<\/p>\n\n\n\n<p>Finalmente, los concejales en pleno destacaron el\ntesteo masivo y se\u00f1alaron que como autoridades municipales apoyan esta medida\nque va en directo beneficio de la poblaci\u00f3n de Natales y los funcionarios\nmunicipales, logrando detectar a tiempo posibles casos asintom\u00e1ticos. <\/p>\n","protected":false},"excerpt":{"rendered":"<p>En el marco de la estrategia nacional de testeo, trazabilidad y aislamiento, el Cesfam de Puerto Natales comenz\u00f3 a realizar test PCR a los funcionarios municipales de los departamentos y&#8230; <a class=\"read-more\" href=\"https:\/\/www.radiopresidenteibanez.cl\/web\/funcionarios-municipales-de-natales-se-realizan-examenes-preventivos-de-pcr\/\">Leer m\u00e1s<\/a><\/p>\n","protected":false},"author":2,"featured_media":14099,"comment_status":"closed","ping_status":"closed","sticky":false,"template":"","format":"standard","meta":{"footnotes":""},"categories":[1],"tags":[],"class_list":["post-14098","post","type-post","status-publish","format-standard","has-post-thumbnail","hentry","category-cronica"],"_links":{"self":[{"href":"https:\/\/www.radiopresidenteibanez.cl\/web\/wp-json\/wp\/v2\/posts\/14098","targetHints":{"allow":["GET"]}}],"collection":[{"href":"https:\/\/www.radiopresidenteibanez.cl\/web\/wp-json\/wp\/v2\/posts"}],"about":[{"href":"https:\/\/www.radiopresidenteibanez.cl\/web\/wp-json\/wp\/v2\/types\/post"}],"author":[{"embeddable":true,"href":"https:\/\/www.radiopresidenteibanez.cl\/web\/wp-json\/wp\/v2\/users\/2"}],"replies":[{"embeddable":true,"href":"https:\/\/www.radiopresidenteibanez.cl\/web\/wp-json\/wp\/v2\/comments?post=14098"}],"version-history":[{"count":0,"href":"https:\/\/www.radiopresidenteibanez.cl\/web\/wp-json\/wp\/v2\/posts\/14098\/revisions"}],"wp:featuredmedia":[{"embeddable":true,"href":"https:\/\/www.radiopresidenteibanez.cl\/web\/wp-json\/wp\/v2\/media\/14099"}],"wp:attachment":[{"href":"https:\/\/www.radiopresidenteibanez.cl\/web\/wp-json\/wp\/v2\/media?parent=14098"}],"wp:term":[{"taxonomy":"category","embeddable":true,"href":"https:\/\/www.radiopresidenteibanez.cl\/web\/wp-json\/wp\/v2\/categories?post=14098"},{"taxonomy":"post_tag","embeddable":true,"href":"https:\/\/www.radiopresidenteibanez.cl\/web\/wp-json\/wp\/v2\/tags?post=14098"}],"curies":[{"name":"wp","href":"https:\/\/api.w.org\/{rel}","templated":true}]}}