{"id":14095,"date":"2020-08-13T18:35:24","date_gmt":"2020-08-13T18:35:24","guid":{"rendered":"https:\/\/www.radiopresidenteibanez.cl\/web\/?p=14095"},"modified":"2020-08-13T18:35:28","modified_gmt":"2020-08-13T18:35:28","slug":"corte-suprema-confirmo-sentencia-por-uso-de-redes-ilegales-para-capturar-centolla","status":"publish","type":"post","link":"https:\/\/www.radiopresidenteibanez.cl\/web\/corte-suprema-confirmo-sentencia-por-uso-de-redes-ilegales-para-capturar-centolla\/","title":{"rendered":"CORTE SUPREMA CONFIRM\u00d3 SENTENCIA POR USO DE REDES ILEGALES PARA CAPTURAR CENTOLLA"},"content":{"rendered":"\n<p>La Corte Suprema confirm\u00f3 por unanimidad la sentencia dictada por la Corte de Apelaciones de Punta Arenas, contra un armador que en marzo del a\u00f1o 2018 fue sorprendido con 10 kil\u00f3metros de redes centolleras (arte de pesca ilegal) a bordo de su nave en Puerto Natales.<\/p>\n\n\n\n<p>El m\u00e1ximo tribunal del pa\u00eds desestim\u00f3 el recurso de casaci\u00f3n presentado por los acusados, argumentando que Sernapesca provey\u00f3 pruebas suficientes para demostrar la infracci\u00f3n, y desestim\u00f3 la versi\u00f3n de los denunciados, que aseguraban que las redes \u00abhab\u00edan sido halladas accidentalmente\u00bb.<\/p>\n\n\n\n<p>De este modo, los acusados deber\u00e1n pagar una multa de entre 50 y 60 UTM por infracci\u00f3n a la Ley General de Pesca y Acuicultura.<\/p>\n\n\n\n<p>As\u00ed lo inform\u00f3 el Director Regional de Sernapesca Magallanes, Patricio D\u00edaz, quien valor\u00f3 el fallo de la Corte Suprema, indicando que \u00ab\u00e9ste es un arte de pesca prohibido y que pone en serio riesgo la sustentabilidad de este recurso estrat\u00e9gico para la regi\u00f3n, debido a su poca selectividad, por lo que constantemente estamos fiscalizando y encontrando estas redes\u00bb.<\/p>\n\n\n\n<p>Asimismo, el director regional destac\u00f3 la labor realizada por los funcionarios de Sernapesca Puerto Natales, quienes debieron adem\u00e1s hacer frente a las amenazas y el hostigamiento por parte de los responsables del il\u00edcito.<\/p>\n\n\n\n<p>Finalmente, D\u00edaz agradeci\u00f3 el apoyo de la autoridad mar\u00edtima de Puerto Natales, \u00abporque este trabajo no ser\u00eda posible sin la valiosa colaboraci\u00f3n de la Armada de Chile\u00bb, indic\u00f3.<\/p>\n","protected":false},"excerpt":{"rendered":"<p>La Corte Suprema confirm\u00f3 por unanimidad la sentencia dictada por la Corte de Apelaciones de Punta Arenas, contra un armador que en marzo del a\u00f1o 2018 fue sorprendido con 10&#8230; <a class=\"read-more\" href=\"https:\/\/www.radiopresidenteibanez.cl\/web\/corte-suprema-confirmo-sentencia-por-uso-de-redes-ilegales-para-capturar-centolla\/\">Leer m\u00e1s<\/a><\/p>\n","protected":false},"author":2,"featured_media":14096,"comment_status":"closed","ping_status":"closed","sticky":false,"template":"","format":"standard","meta":{"footnotes":""},"categories":[1],"tags":[],"class_list":["post-14095","post","type-post","status-publish","format-standard","has-post-thumbnail","hentry","category-cronica"],"_links":{"self":[{"href":"https:\/\/www.radiopresidenteibanez.cl\/web\/wp-json\/wp\/v2\/posts\/14095","targetHints":{"allow":["GET"]}}],"collection":[{"href":"https:\/\/www.radiopresidenteibanez.cl\/web\/wp-json\/wp\/v2\/posts"}],"about":[{"href":"https:\/\/www.radiopresidenteibanez.cl\/web\/wp-json\/wp\/v2\/types\/post"}],"author":[{"embeddable":true,"href":"https:\/\/www.radiopresidenteibanez.cl\/web\/wp-json\/wp\/v2\/users\/2"}],"replies":[{"embeddable":true,"href":"https:\/\/www.radiopresidenteibanez.cl\/web\/wp-json\/wp\/v2\/comments?post=14095"}],"version-history":[{"count":0,"href":"https:\/\/www.radiopresidenteibanez.cl\/web\/wp-json\/wp\/v2\/posts\/14095\/revisions"}],"wp:featuredmedia":[{"embeddable":true,"href":"https:\/\/www.radiopresidenteibanez.cl\/web\/wp-json\/wp\/v2\/media\/14096"}],"wp:attachment":[{"href":"https:\/\/www.radiopresidenteibanez.cl\/web\/wp-json\/wp\/v2\/media?parent=14095"}],"wp:term":[{"taxonomy":"category","embeddable":true,"href":"https:\/\/www.radiopresidenteibanez.cl\/web\/wp-json\/wp\/v2\/categories?post=14095"},{"taxonomy":"post_tag","embeddable":true,"href":"https:\/\/www.radiopresidenteibanez.cl\/web\/wp-json\/wp\/v2\/tags?post=14095"}],"curies":[{"name":"wp","href":"https:\/\/api.w.org\/{rel}","templated":true}]}}