{"id":14093,"date":"2020-08-13T18:34:01","date_gmt":"2020-08-13T18:34:01","guid":{"rendered":"https:\/\/www.radiopresidenteibanez.cl\/web\/?p=14093"},"modified":"2020-08-13T18:34:08","modified_gmt":"2020-08-13T18:34:08","slug":"astramupa-se-refiere-a-las-palabras-del-alcalde-radonich","status":"publish","type":"post","link":"https:\/\/www.radiopresidenteibanez.cl\/web\/astramupa-se-refiere-a-las-palabras-del-alcalde-radonich\/","title":{"rendered":"ASTRAMUPA SE REFIERE A LAS PALABRAS DEL ALCALDE RADONICH"},"content":{"rendered":"\n<p>Como\nAsociaci\u00f3n de Trabajadores Municipales de Punta Arenas,&nbsp;\nhemos tomado conocimiento, a trav\u00e9s de\nlos medios de comunicaci\u00f3n regionales, de los destemplados\ndichos proferidos por el Alcalde de la Ilustre Municipalidad\nde Punta Arenas, don Claudio\nRadonich Jim\u00e9nez, y&nbsp; que dicen relaci\u00f3n,\nuna vez m\u00e1s, con su constante reproche&nbsp; a&nbsp;\nla&nbsp; labor&nbsp; de los funcionarios municipales, que son, en definitiva,&nbsp; los&nbsp; que&nbsp; permiten&nbsp; que su&nbsp;&nbsp;&nbsp;&nbsp;&nbsp; gesti\u00f3n&nbsp;&nbsp; se&nbsp;&nbsp; pueda\n&nbsp;desarrollar,\n&nbsp;con&nbsp;&nbsp;&nbsp;&nbsp;&nbsp;&nbsp;&nbsp;&nbsp;&nbsp;&nbsp;&nbsp;&nbsp;&nbsp;&nbsp;&nbsp;&nbsp;&nbsp;&nbsp;&nbsp;&nbsp;&nbsp;&nbsp;&nbsp;&nbsp;&nbsp;&nbsp; niveles&nbsp; m\u00ednimos\nde aceptaci\u00f3n ciudadana.<\/p>\n\n\n\n<p>El \u00faltimo exabrupto en este sentido, es afirmar que, respecto de\nla situaci\u00f3n de los pozos lastreros,\nuna problem\u00e1tica de larga data en nuestra comuna,&nbsp;&nbsp;&nbsp;&nbsp;&nbsp;&nbsp; habr\u00eda&nbsp;&nbsp;&nbsp; existido&nbsp;&nbsp;&nbsp;&nbsp;&nbsp;&nbsp;&nbsp;&nbsp;&nbsp;&nbsp;&nbsp;&nbsp;&nbsp; \u201ccorrupci\u00f3n\u201d,&nbsp;&nbsp;&nbsp;&nbsp;&nbsp;&nbsp;&nbsp;&nbsp; por&nbsp;&nbsp;&nbsp;&nbsp;&nbsp;&nbsp;&nbsp;&nbsp;&nbsp;&nbsp;&nbsp;&nbsp; parte&nbsp;&nbsp;&nbsp;&nbsp;&nbsp;&nbsp;&nbsp;&nbsp;&nbsp;&nbsp;&nbsp;&nbsp;&nbsp;&nbsp; de&nbsp;&nbsp;&nbsp;&nbsp;&nbsp;&nbsp; los\nfuncionarios encargados de hacer cumplir\nla normativa, que, en este caso espec\u00edfico\ndata de una ordenanza del\na\u00f1o 2003.<\/p>\n\n\n\n<p>Pese a que el se\u00f1or Alcalde de la\nIlustre Municipalidad&nbsp; de&nbsp; Punta\nArenas, cuenta con\nformaci\u00f3n de abogado,\nrealiza una aseveraci\u00f3n, que genera\nun tremendo da\u00f1o a la gesti\u00f3n municipal,\nindependiente del alcalde de\nturno, ya que, categ\u00f3ricamente, atribuye a actuaciones individuales de funcionarios&nbsp;&nbsp; a&nbsp;&nbsp;\nquienes&nbsp;&nbsp; no&nbsp;&nbsp; identifica,&nbsp;&nbsp; hechos\n&nbsp;que, &nbsp;a&nbsp;&nbsp;&nbsp;&nbsp;&nbsp;&nbsp;&nbsp;&nbsp;&nbsp;&nbsp;&nbsp;&nbsp;&nbsp;&nbsp;&nbsp;&nbsp;&nbsp;&nbsp;&nbsp;&nbsp; todas luces, se producen&nbsp;&nbsp;&nbsp;&nbsp;&nbsp; porque,&nbsp;&nbsp; lamentablemente,&nbsp;&nbsp;&nbsp;&nbsp;&nbsp;&nbsp;&nbsp;&nbsp;&nbsp;&nbsp; el&nbsp; sistema&nbsp;&nbsp;&nbsp;&nbsp;&nbsp;&nbsp;&nbsp;&nbsp;&nbsp;&nbsp;&nbsp;&nbsp;&nbsp;&nbsp;&nbsp;&nbsp; de&nbsp;&nbsp;&nbsp;&nbsp;&nbsp;&nbsp;&nbsp;&nbsp;&nbsp;&nbsp;&nbsp;&nbsp;&nbsp;&nbsp;&nbsp;&nbsp; fiscalizaci\u00f3n&nbsp;&nbsp;&nbsp;&nbsp;&nbsp;&nbsp;&nbsp;&nbsp;&nbsp;&nbsp; e\ninspecci\u00f3n&nbsp;&nbsp;&nbsp;&nbsp;&nbsp;&nbsp;&nbsp;&nbsp;&nbsp; existente&nbsp;&nbsp;&nbsp;&nbsp;&nbsp;&nbsp;&nbsp;&nbsp;&nbsp; en la&nbsp;&nbsp;&nbsp;&nbsp;&nbsp;&nbsp;&nbsp;&nbsp; entidad&nbsp;&nbsp;&nbsp;&nbsp;&nbsp;&nbsp;&nbsp;&nbsp;&nbsp;&nbsp;&nbsp;&nbsp;&nbsp;&nbsp;&nbsp;&nbsp; edilicia,&nbsp;&nbsp;&nbsp;&nbsp;&nbsp; simplemente&nbsp;&nbsp;&nbsp;&nbsp;&nbsp;&nbsp;&nbsp; no&nbsp;&nbsp;&nbsp;&nbsp; permite fiscalizar\nde mejor manera, toda\nla normativa relacionada con&nbsp; la&nbsp; extracci\u00f3n\nde \u00e1ridos, ya que, no cuenta\ncon los recursos humanos&nbsp; ni f\u00edsicos&nbsp; que&nbsp; lo hagan\nposible, y que, cada alcalde\nque llega a encabezar la municipalidad, tampoco estima como una primera necesidad a mejorar.<\/p>\n\n\n\n<p>De ah\u00ed que nos llama profundamente la atenci\u00f3n y nos lastima, que se vierta&nbsp;&nbsp;&nbsp;&nbsp;&nbsp;&nbsp;&nbsp;&nbsp;&nbsp;&nbsp;&nbsp; una&nbsp;&nbsp;&nbsp;&nbsp;&nbsp;&nbsp;&nbsp;&nbsp;&nbsp;&nbsp; cr\u00edtica&nbsp;&nbsp;&nbsp;&nbsp;&nbsp;&nbsp;&nbsp;&nbsp;&nbsp;&nbsp;&nbsp;&nbsp;&nbsp;&nbsp;&nbsp; en&nbsp;&nbsp;&nbsp;&nbsp; t\u00e9rminos&nbsp;&nbsp; tan&nbsp;&nbsp; duros,&nbsp;&nbsp; cuando&nbsp;&nbsp; en&nbsp;&nbsp;&nbsp;&nbsp; la&nbsp;&nbsp;&nbsp;&nbsp; Ilustre Municipalidad\nde Punta Arenas, contamos con\n&nbsp;trabajadores&nbsp; que&nbsp; llevan&nbsp; m\u00e1s de cuarenta\na\u00f1os al servicio de la comunidad,\ny que no pueden ser<br><\/p>\n\n\n\n<p>tratados de \u201ccorruptos\u201d por una&nbsp; autoridad transitoria, que, hasta ahora,\nno ha implementado,\ntampoco, ninguna medida que pudiera brindar eficiencia y eficacia, al sistema\nde fiscalizaci\u00f3n de \u00e9sta u otras\nnormativas municipales, en las que, reconocemos un d\u00e9ficit en su fiscalizaci\u00f3n\ncomo instituci\u00f3n p\u00fablica, a quien la\nley le entrega dichas potestades.<\/p>\n\n\n\n<p>De ah\u00ed que no nos parece justo, pretender utilizar a los trabajadores municipales como un \u201cchivo\nexpiatorio\u201d, buscando responsabilizarnos,\nde que, en plena emergencia\nsanitaria, un grupo no menor\nde transportistas, haya&nbsp; optado por&nbsp; realizar&nbsp; una medida de presi\u00f3n consistente en&nbsp; el corte de&nbsp; la\nruta de\nacceso a la ciudad de\nPunta Arenas, la cual pese al contexto de\nmovilizaciones que ha vivido el pa\u00eds,\nen el \u00faltimo tiempo, ni siquiera fue objeto de alg\u00fan tipo&nbsp;\nde&nbsp; reproche por parte de las autoridades encargadas de asegurar\nel orden p\u00fablico.<\/p>\n\n\n\n<p>De lo expuesto, queda meridianamente\nclara, la estrategia seguida para enfrentar los conflictos\nque se presentan en la gesti\u00f3n municipal\nactual, la que se limita a\nculpar a los trabajadores, por lo que\nhacen, han hecho y seguir\u00e1n\nhaciendo, ya que, los encargados de\nresolver los problemas\npol\u00edticos de una administraci\u00f3n, son los alcaldes y no los funcionarios.<\/p>\n\n\n\n<p>Por \u00faltimo, deseamos pedir un\nm\u00ednimo de respeto por el trabajo municipal, el cual muchas veces se desconoce, y no permitiremos seguir siendo expuestos, como si fu\u00e9ramos nosotros, los \u00fanicos responsables de &nbsp;una&nbsp;&nbsp;&nbsp;&nbsp;&nbsp;&nbsp;&nbsp;&nbsp;&nbsp;&nbsp;&nbsp;&nbsp;&nbsp;&nbsp;&nbsp;&nbsp;&nbsp;&nbsp; gesti\u00f3n&nbsp;&nbsp;&nbsp;&nbsp;&nbsp;&nbsp;&nbsp;&nbsp;&nbsp; municipal,&nbsp; cuyos&nbsp;&nbsp;&nbsp;&nbsp;&nbsp;&nbsp;&nbsp;&nbsp; destinatarios pudieran&nbsp; considerar ineficiente, y, no nos cabe duda\nque, si se realizan las investigaciones\ncorrespondientes,&nbsp; y se&nbsp;&nbsp;&nbsp;&nbsp;&nbsp;&nbsp;&nbsp;&nbsp;&nbsp;&nbsp;&nbsp;&nbsp;&nbsp;&nbsp;&nbsp;&nbsp; determinan&nbsp;&nbsp;&nbsp;&nbsp;&nbsp;&nbsp;&nbsp;&nbsp; responsabilidades&nbsp;&nbsp;&nbsp;&nbsp;&nbsp;&nbsp;&nbsp;&nbsp; administrativas,\n\u00e9stas ser\u00e1n de aquellos que\nen la municipalidad realizan una labor&nbsp; de direcci\u00f3n y no de nuestros representados.<\/p>\n\n\n\n<p>La DIRECTIVA ASTRAMUPA<\/p>\n","protected":false},"excerpt":{"rendered":"<p>Como Asociaci\u00f3n de Trabajadores Municipales de Punta Arenas,&nbsp; hemos tomado conocimiento, a trav\u00e9s de los medios de comunicaci\u00f3n regionales, de los destemplados dichos proferidos por el Alcalde de la Ilustre&#8230; <a class=\"read-more\" href=\"https:\/\/www.radiopresidenteibanez.cl\/web\/astramupa-se-refiere-a-las-palabras-del-alcalde-radonich\/\">Leer m\u00e1s<\/a><\/p>\n","protected":false},"author":2,"featured_media":6151,"comment_status":"closed","ping_status":"closed","sticky":false,"template":"","format":"standard","meta":{"footnotes":""},"categories":[1],"tags":[],"class_list":["post-14093","post","type-post","status-publish","format-standard","has-post-thumbnail","hentry","category-cronica"],"_links":{"self":[{"href":"https:\/\/www.radiopresidenteibanez.cl\/web\/wp-json\/wp\/v2\/posts\/14093","targetHints":{"allow":["GET"]}}],"collection":[{"href":"https:\/\/www.radiopresidenteibanez.cl\/web\/wp-json\/wp\/v2\/posts"}],"about":[{"href":"https:\/\/www.radiopresidenteibanez.cl\/web\/wp-json\/wp\/v2\/types\/post"}],"author":[{"embeddable":true,"href":"https:\/\/www.radiopresidenteibanez.cl\/web\/wp-json\/wp\/v2\/users\/2"}],"replies":[{"embeddable":true,"href":"https:\/\/www.radiopresidenteibanez.cl\/web\/wp-json\/wp\/v2\/comments?post=14093"}],"version-history":[{"count":0,"href":"https:\/\/www.radiopresidenteibanez.cl\/web\/wp-json\/wp\/v2\/posts\/14093\/revisions"}],"wp:featuredmedia":[{"embeddable":true,"href":"https:\/\/www.radiopresidenteibanez.cl\/web\/wp-json\/wp\/v2\/media\/6151"}],"wp:attachment":[{"href":"https:\/\/www.radiopresidenteibanez.cl\/web\/wp-json\/wp\/v2\/media?parent=14093"}],"wp:term":[{"taxonomy":"category","embeddable":true,"href":"https:\/\/www.radiopresidenteibanez.cl\/web\/wp-json\/wp\/v2\/categories?post=14093"},{"taxonomy":"post_tag","embeddable":true,"href":"https:\/\/www.radiopresidenteibanez.cl\/web\/wp-json\/wp\/v2\/tags?post=14093"}],"curies":[{"name":"wp","href":"https:\/\/api.w.org\/{rel}","templated":true}]}}