{"id":14090,"date":"2020-08-13T18:30:09","date_gmt":"2020-08-13T18:30:09","guid":{"rendered":"https:\/\/www.radiopresidenteibanez.cl\/web\/?p=14090"},"modified":"2020-08-13T18:30:13","modified_gmt":"2020-08-13T18:30:13","slug":"4-casos-confirmados-de-covid-19-obliga-al-cierre-del-cesfam-juan-damianovic","status":"publish","type":"post","link":"https:\/\/www.radiopresidenteibanez.cl\/web\/4-casos-confirmados-de-covid-19-obliga-al-cierre-del-cesfam-juan-damianovic\/","title":{"rendered":"4 CASOS CONFIRMADOS DE COVID-19 OBLIGA AL CIERRE DEL CESFAM JUAN DAMIANOVIC"},"content":{"rendered":"\n<p>Como una acci\u00f3n precautoria y preventiva, el Centro de Salud Familiar Dr. Juan Damianovic cerr\u00f3 sus puertas, luego que se detectaran 4 casos positivos de Covid-19 entre los funcionarios del lugar, lo que r\u00e1pidamente fue alertado para comenzar un nuevo proceso de Testeos, Trazabilidad y Aislamiento de los contagiados, como tambi\u00e9n de los contactos estrechos.<\/p>\n\n\n\n<p>Seg\u00fan lo informado por la jefa del \u00c1rea de Salud de la Corporaci\u00f3n Municipal de Punta Arenas, Rosa Bidart, el recinto permanecer\u00e1 cerrado inicialmente, hasta el pr\u00f3ximo lunes 17 de agosto, al igual que la Farmacia Comunal Sur, ubicada a un costado del establecimiento, ya que se sanitizar\u00e1 todo el complejo municipal.<\/p>\n\n\n\n<p>Bidart explic\u00f3 que \u201cen este momento tenemos 4 casos confirmados que resultaron con el examen PCR positivo, raz\u00f3n por la que cerramos el Cesfam como medida preventiva y se comenz\u00f3 la realizaci\u00f3n de nuevos testeos a todos los funcionarios del Centro de Salud Familiar Dr. Juan Damianovic de calle Zenteno\u201d.<\/p>\n\n\n\n<p>En ese sentido, el alcalde Claudio Radonich agreg\u00f3 que \u201cya iniciamos el proceso de investigaci\u00f3n para determinar con claridad los contactos estrechos de las personas contagiadas, esto por medio de la trazabilidad, lo cual ya est\u00e1 en marcha\u201d.<\/p>\n\n\n\n<p>De igual forma, la autoridad comunal inform\u00f3 que \u201clamentablemente, tuvimos que suspender todas las horas agendadas, las cuales ser\u00e1n reasignadas una vez que retomemos las funciones con normalidad\u201d.<\/p>\n\n\n\n<p>Finalmente, el Servicio de Atenci\u00f3n Primaria de Urgencia se traslada a los CESFAM 18 de Septiembre y Mateo Bencur, los que est\u00e1n funcionando sin inconvenientes.<\/p>\n","protected":false},"excerpt":{"rendered":"<p>Como una acci\u00f3n precautoria y preventiva, el Centro de Salud Familiar Dr. Juan Damianovic cerr\u00f3 sus puertas, luego que se detectaran 4 casos positivos de Covid-19 entre los funcionarios del&#8230; <a class=\"read-more\" href=\"https:\/\/www.radiopresidenteibanez.cl\/web\/4-casos-confirmados-de-covid-19-obliga-al-cierre-del-cesfam-juan-damianovic\/\">Leer m\u00e1s<\/a><\/p>\n","protected":false},"author":2,"featured_media":14091,"comment_status":"closed","ping_status":"closed","sticky":false,"template":"","format":"standard","meta":{"footnotes":""},"categories":[1],"tags":[],"class_list":["post-14090","post","type-post","status-publish","format-standard","has-post-thumbnail","hentry","category-cronica"],"_links":{"self":[{"href":"https:\/\/www.radiopresidenteibanez.cl\/web\/wp-json\/wp\/v2\/posts\/14090","targetHints":{"allow":["GET"]}}],"collection":[{"href":"https:\/\/www.radiopresidenteibanez.cl\/web\/wp-json\/wp\/v2\/posts"}],"about":[{"href":"https:\/\/www.radiopresidenteibanez.cl\/web\/wp-json\/wp\/v2\/types\/post"}],"author":[{"embeddable":true,"href":"https:\/\/www.radiopresidenteibanez.cl\/web\/wp-json\/wp\/v2\/users\/2"}],"replies":[{"embeddable":true,"href":"https:\/\/www.radiopresidenteibanez.cl\/web\/wp-json\/wp\/v2\/comments?post=14090"}],"version-history":[{"count":0,"href":"https:\/\/www.radiopresidenteibanez.cl\/web\/wp-json\/wp\/v2\/posts\/14090\/revisions"}],"wp:featuredmedia":[{"embeddable":true,"href":"https:\/\/www.radiopresidenteibanez.cl\/web\/wp-json\/wp\/v2\/media\/14091"}],"wp:attachment":[{"href":"https:\/\/www.radiopresidenteibanez.cl\/web\/wp-json\/wp\/v2\/media?parent=14090"}],"wp:term":[{"taxonomy":"category","embeddable":true,"href":"https:\/\/www.radiopresidenteibanez.cl\/web\/wp-json\/wp\/v2\/categories?post=14090"},{"taxonomy":"post_tag","embeddable":true,"href":"https:\/\/www.radiopresidenteibanez.cl\/web\/wp-json\/wp\/v2\/tags?post=14090"}],"curies":[{"name":"wp","href":"https:\/\/api.w.org\/{rel}","templated":true}]}}