{"id":1409,"date":"2019-02-13T18:58:09","date_gmt":"2019-02-13T18:58:09","guid":{"rendered":"http:\/\/www.radiopresidenteibanez.cl\/web\/?p=1409"},"modified":"2019-02-13T18:58:27","modified_gmt":"2019-02-13T18:58:27","slug":"alcalde-destaca-el-compromiso-del-ministerio-de-salud-con-la-entrega-de-dos-nuevas-ambulancias-para-la-provincia","status":"publish","type":"post","link":"https:\/\/www.radiopresidenteibanez.cl\/web\/alcalde-destaca-el-compromiso-del-ministerio-de-salud-con-la-entrega-de-dos-nuevas-ambulancias-para-la-provincia\/","title":{"rendered":"ALCALDE DESTACA EL COMPROMISO DEL MINISTERIO DE SALUD CON LA ENTREGA DE DOS NUEVAS AMBULANCIAS PARA LA PROVINCIA"},"content":{"rendered":"\n<p>Frente al edifico de la Gobernaci\u00f3n Provincial de \u00daltima Esperanza, se\nrealiz\u00f3 la entrega simb\u00f3lica de dos nuevas ambulancias para el \u201cHospital Dr.\nAugusto Essman Burgos\u201d de Puerto Natales. La actividad fue encabezada por la\ngobernadora Ana Mayorga Bahamonde, junto al Alcalde Fernando Paredes Mansilla y\nlos Directores Subrogantes del Hospital y del Servicio de Salud de Magallanes.<\/p>\n\n\n\n<p>La llegada de los dos m\u00f3viles a Puerto Natales se enmarca en el\ncumplimiento de una parte del compromiso adquirido el a\u00f1o pasado por las\nautoridades de salud para mejorar la calidad de servicio y funcionamiento del\nhospital natalino. <\/p>\n\n\n\n<p>El Alcalde de la comuna, Fernando Paredes, destac\u00f3 que con esto se est\u00e1\ncumpliendo con provincia de \u00daltima Esperanza, se\u00f1alando que \u201cesto le da\ngarant\u00eda a la comunidad que el sistema de salud se est\u00e1 potenciando, se est\u00e1\nperfeccionando y esa es la mejor noticia que hoy d\u00eda reciben los habitantes de\nPuerto Natales. Que hoy d\u00eda el hospital tambi\u00e9n tiene infraestructura acorde\npara poder cumplir con los requerimientos que demanda la propia comunidad\u201d,\nagregando que estas son las se\u00f1ales que demuestran que seguimos avanzando el\ndesarrollo de nuestra ciudad.&nbsp; <\/p>\n\n\n\n<p>En la misma l\u00ednea, la Gobernadora de la Provincia de \u00daltima Esperanza,\nAna Mayorga Bahamonde, subray\u00f3 que \u201cdespu\u00e9s de haber tenido un a\u00f1o 2018 no tan\nbueno en el \u00e1mbito de salud, hoy d\u00eda hemos reafirmado este compromiso. El\npresidente ha destinado mayores recursos para el Hospital Augusto Essman y es\nas\u00ed que hoy d\u00eda no solamente se cumple este compromiso que se gener\u00f3 en base a\nun acuerdo con los gremios de la salud y el Hospital Augusto Essman, con los\nfuncionarios del hospital, con la comunidad en general y con varias autoridades\nque estuvimos presentes el a\u00f1o pasado en base a varias situaciones complicadas\nque se vivieron en la provincia de \u00daltima Esperanza\u201d, agregando que estas\nambulancias van a mejorar el tiempo de respuesta desde el llamado, hasta el\ningreso del paciente al hospital. <\/p>\n\n\n\n<p>Por su parte, el Director (s) del Servicio de Salud de Magallanes,\ndestac\u00f3 que las ambulancias \u201ccuentan con todo el equipamiento para poder dar\nuna atenci\u00f3n a pacientes m\u00e1s complejos. Tambi\u00e9n, son veh\u00edculos 4&#215;4 que permiten\ndesplazarse todo el a\u00f1o en la regi\u00f3n que tiene caracter\u00edsticas clim\u00e1ticas\nespeciales\u201d, asegur\u00f3 Luis Vergara. <\/p>\n\n\n\n<p>Adem\u00e1s de los veh\u00edculos de emergencia, lleg\u00f3 un nuevo m\u00e9dico Traumat\u00f3logo\nal recinto de salud y una Pediatra. Estos dos profesionales se suman a los 18\nespecialistas que prestan servicios en el \u201cHospital Augusto Essman Burgos\u201d,\nlogrando entregar m\u00e1s opciones de atenci\u00f3n para la comunidad natalina.<\/p>\n","protected":false},"excerpt":{"rendered":"<p>Frente al edifico de la Gobernaci\u00f3n Provincial de \u00daltima Esperanza, se realiz\u00f3 la entrega simb\u00f3lica de dos nuevas ambulancias para el \u201cHospital Dr. Augusto Essman Burgos\u201d de Puerto Natales. La&#8230; <a class=\"read-more\" href=\"https:\/\/www.radiopresidenteibanez.cl\/web\/alcalde-destaca-el-compromiso-del-ministerio-de-salud-con-la-entrega-de-dos-nuevas-ambulancias-para-la-provincia\/\">Leer m\u00e1s<\/a><\/p>\n","protected":false},"author":2,"featured_media":1410,"comment_status":"closed","ping_status":"closed","sticky":false,"template":"","format":"standard","meta":{"footnotes":""},"categories":[1],"tags":[],"class_list":["post-1409","post","type-post","status-publish","format-standard","has-post-thumbnail","hentry","category-cronica"],"_links":{"self":[{"href":"https:\/\/www.radiopresidenteibanez.cl\/web\/wp-json\/wp\/v2\/posts\/1409","targetHints":{"allow":["GET"]}}],"collection":[{"href":"https:\/\/www.radiopresidenteibanez.cl\/web\/wp-json\/wp\/v2\/posts"}],"about":[{"href":"https:\/\/www.radiopresidenteibanez.cl\/web\/wp-json\/wp\/v2\/types\/post"}],"author":[{"embeddable":true,"href":"https:\/\/www.radiopresidenteibanez.cl\/web\/wp-json\/wp\/v2\/users\/2"}],"replies":[{"embeddable":true,"href":"https:\/\/www.radiopresidenteibanez.cl\/web\/wp-json\/wp\/v2\/comments?post=1409"}],"version-history":[{"count":0,"href":"https:\/\/www.radiopresidenteibanez.cl\/web\/wp-json\/wp\/v2\/posts\/1409\/revisions"}],"wp:featuredmedia":[{"embeddable":true,"href":"https:\/\/www.radiopresidenteibanez.cl\/web\/wp-json\/wp\/v2\/media\/1410"}],"wp:attachment":[{"href":"https:\/\/www.radiopresidenteibanez.cl\/web\/wp-json\/wp\/v2\/media?parent=1409"}],"wp:term":[{"taxonomy":"category","embeddable":true,"href":"https:\/\/www.radiopresidenteibanez.cl\/web\/wp-json\/wp\/v2\/categories?post=1409"},{"taxonomy":"post_tag","embeddable":true,"href":"https:\/\/www.radiopresidenteibanez.cl\/web\/wp-json\/wp\/v2\/tags?post=1409"}],"curies":[{"name":"wp","href":"https:\/\/api.w.org\/{rel}","templated":true}]}}