{"id":14086,"date":"2020-08-13T14:03:18","date_gmt":"2020-08-13T14:03:18","guid":{"rendered":"https:\/\/www.radiopresidenteibanez.cl\/web\/?p=14086"},"modified":"2020-08-13T14:03:21","modified_gmt":"2020-08-13T14:03:21","slug":"tabsa-distribuye-canastas-familiares-apoyando-campana-siempre-por-chile","status":"publish","type":"post","link":"https:\/\/www.radiopresidenteibanez.cl\/web\/tabsa-distribuye-canastas-familiares-apoyando-campana-siempre-por-chile\/","title":{"rendered":"TABSA DISTRIBUYE CANASTAS FAMILIARES APOYANDO CAMPA\u00d1A SIEMPRE POR CHILE"},"content":{"rendered":"\n<p>Un total de noventa canastas familiares repartir\u00e1 Tabsa en diferentes comunas de Magallanes en el marco de la campa\u00f1a Siempre por Chile en la que participan como aportantes empresas, empresarios, familias y grupos empresariales comprometidos del pa\u00eds.<\/p>\n\n\n\n<p>S\u00f3lo en Magallanes esta iniciativa contempla la entrega de 730 cajas pensada para cubrir las necesidades de alimentaci\u00f3n de una familia de 4 personas por 15 d\u00edas y que pesa 19 kilos.<\/p>\n\n\n\n<p>En la regi\u00f3n, Tabsa se comprometi\u00f3 a distribuir 30 cajas en Puerto Natales, 1 en Laguna Blanca, 18 en Porvenir, 30 en Punta Arenas y 11 en Puerto Williams.<\/p>\n\n\n\n<p>\u201cNos sumamos a esta campa\u00f1a solidaria de iniciativa privada porque hoy en Chile nadie puede restarse en ir en ayuda de las familias m\u00e1s necesitadas\u201d, resalt\u00f3 el gerente general de la empresa, Alejandro Kusanovic.<\/p>\n","protected":false},"excerpt":{"rendered":"<p>Un total de noventa canastas familiares repartir\u00e1 Tabsa en diferentes comunas de Magallanes en el marco de la campa\u00f1a Siempre por Chile en la que participan como aportantes empresas, empresarios,&#8230; <a class=\"read-more\" href=\"https:\/\/www.radiopresidenteibanez.cl\/web\/tabsa-distribuye-canastas-familiares-apoyando-campana-siempre-por-chile\/\">Leer m\u00e1s<\/a><\/p>\n","protected":false},"author":2,"featured_media":14087,"comment_status":"closed","ping_status":"closed","sticky":false,"template":"","format":"standard","meta":{"footnotes":""},"categories":[1],"tags":[],"class_list":["post-14086","post","type-post","status-publish","format-standard","has-post-thumbnail","hentry","category-cronica"],"_links":{"self":[{"href":"https:\/\/www.radiopresidenteibanez.cl\/web\/wp-json\/wp\/v2\/posts\/14086","targetHints":{"allow":["GET"]}}],"collection":[{"href":"https:\/\/www.radiopresidenteibanez.cl\/web\/wp-json\/wp\/v2\/posts"}],"about":[{"href":"https:\/\/www.radiopresidenteibanez.cl\/web\/wp-json\/wp\/v2\/types\/post"}],"author":[{"embeddable":true,"href":"https:\/\/www.radiopresidenteibanez.cl\/web\/wp-json\/wp\/v2\/users\/2"}],"replies":[{"embeddable":true,"href":"https:\/\/www.radiopresidenteibanez.cl\/web\/wp-json\/wp\/v2\/comments?post=14086"}],"version-history":[{"count":0,"href":"https:\/\/www.radiopresidenteibanez.cl\/web\/wp-json\/wp\/v2\/posts\/14086\/revisions"}],"wp:featuredmedia":[{"embeddable":true,"href":"https:\/\/www.radiopresidenteibanez.cl\/web\/wp-json\/wp\/v2\/media\/14087"}],"wp:attachment":[{"href":"https:\/\/www.radiopresidenteibanez.cl\/web\/wp-json\/wp\/v2\/media?parent=14086"}],"wp:term":[{"taxonomy":"category","embeddable":true,"href":"https:\/\/www.radiopresidenteibanez.cl\/web\/wp-json\/wp\/v2\/categories?post=14086"},{"taxonomy":"post_tag","embeddable":true,"href":"https:\/\/www.radiopresidenteibanez.cl\/web\/wp-json\/wp\/v2\/tags?post=14086"}],"curies":[{"name":"wp","href":"https:\/\/api.w.org\/{rel}","templated":true}]}}