{"id":14081,"date":"2020-08-13T13:58:47","date_gmt":"2020-08-13T13:58:47","guid":{"rendered":"https:\/\/www.radiopresidenteibanez.cl\/web\/?p=14081"},"modified":"2020-08-13T13:58:51","modified_gmt":"2020-08-13T13:58:51","slug":"consejo-regional-se-reunio-con-seremi-de-salud-para-analizar-situacion-sanitaria-en-magallanes-ante-rebrote-de-covid-19","status":"publish","type":"post","link":"https:\/\/www.radiopresidenteibanez.cl\/web\/consejo-regional-se-reunio-con-seremi-de-salud-para-analizar-situacion-sanitaria-en-magallanes-ante-rebrote-de-covid-19\/","title":{"rendered":"CONSEJO REGIONAL SE REUNI\u00d3 CON SEREMI DE SALUD PARA ANALIZAR SITUACI\u00d3N SANITARIA EN MAGALLANES ANTE REBROTE DE COVID-19"},"content":{"rendered":"\n<p>Con el objetivo de informarse respecto\nal desarrollo de la pandemia ante el rebrote de casos en la regi\u00f3n, plantear inquietudes\ny brindar respaldo en el marco de sus atribuciones, los consejeros regionales\nse reunieron este mi\u00e9rcoles a trav\u00e9s de videoconferencia con la seremi de\nSalud, Mariela Rojas y el Intendente, Jos\u00e9 Fern\u00e1ndez. <\/p>\n\n\n\n<p>Seg\u00fan coment\u00f3 el presidente\ndel CORE, Alejandro Kusanovic, \u201cla idea es interiorizarnos respecto a la\nproblem\u00e1tica que enfrentamos los \u00faltimos d\u00edas con la expansi\u00f3n del virus y como\nConsejo Regional ofrecimos apoyo y la mejor voluntad para aprobar proyectos que\ngenere el Ejecutivo. Tambi\u00e9n planteamos la necesidad de ser m\u00e1s innovadores y generar\nnuestras propias regulaciones tanto en el ingreso al aeropuerto como en\nrelaci\u00f3n a la locomoci\u00f3n para lo cual se podr\u00eda generar alguna iniciativa\u201d.<\/p>\n\n\n\n<p>Por su parte el presidente de la\ncomisi\u00f3n R\u00e9gimen Interior, Tolentino Soto, dijo que la instancia fue postergada\nen varias oportunidades y responde a un anhelo de los miembros del CORE. \u201cLuego\nde escuchar la exposici\u00f3n de la seremi en la cual mostraba la realidad del rebrote\nen Punta Arenas y lo que est\u00e1 ocurriendo en provincias, le informamos respecto\na la gran preocupaci\u00f3n que existe en el gremio tur\u00edstico en Puerto Natales y\nplanteamos la posibilidad de que esta ciudad sea una experiencia piloto en\nt\u00e9rminos de reactivaci\u00f3n dado que los n\u00fameros de contagio no han sido tan\ncomplicados como en el resto de la regi\u00f3n. De igual forma, los consejeros de\nTierra del Fuego, solicitaron efectuar las gestiones necesarias para que el\nhospital de Enap en Cerro Sombrero pase a estar a cargo del servicio de Salud. Entendemos\nque el ministerio es centralizado en la toma de decisiones por ello pedimos a\nla seremi y al Intendente llevar estos temas al nivel central\u201d.<\/p>\n\n\n\n<p>En tanto el consejero, Miguel\nSierpe, valor\u00f3 la instancia como una de las m\u00e1s positivas con la seremi de\nSalud ya que los consejeros lograron informarse respecto al desarrollo de la pandemia\ny las complicaciones tras el rebrote. \u201cLa seremi manifest\u00f3 su intenci\u00f3n de\nmantener contacto con el consejo en forma quincenal y esperamos eso se cumpla. Logramos\nallanar el camino y sintonizar, creo que esta reuni\u00f3n va a rendir sus frutos y espero\nque en los pr\u00f3ximos d\u00edas el Intendente haga llegar alguna iniciativa a fin de aprobar\nrecursos para temas como m\u00e1s personal y movilizaci\u00f3n ya que son necesarios algunos\nveh\u00edculos para fiscalizaci\u00f3n y seguimiento de casos. Hoy lo m\u00e1s importante que\ndebe entender la comunidad y quienes est\u00e1n mirando desde alguna perspectiva la reapertura\ny el desconfinamiento, &nbsp;es mantener los\n\u00edndices de contagio lo m\u00e1s bajo posible ya que antes de eso, no sacamos nada con\nhablar de reactivaci\u00f3n econ\u00f3mica, ni de programas de ayuda\u201d.<\/p>\n\n\n\n<p>El consejero Sierpe tambi\u00e9n se\nrefiri\u00f3 a algunos aspectos positivos que fueron dados a conocer \u201ctengo\ninformaci\u00f3n de empresas con m\u00e1s de 1.400 trabajadores, en las cuales hay todo\nun procedimiento al inicio de la faena y son los mismos trabajadores quienes dan\ncuenta si ven alg\u00fan riesgo que pueda exponer al resto de sus colegas. Tambi\u00e9n existe\nun control bastante f\u00e9rreo en el transporte de pasajeros v\u00eda a\u00e9rea y la seremi insisti\u00f3\nen que la incidencia de casos que llegan desde la capital es bastante reducida\u201d.\n<\/p>\n\n\n\n<p>Finalmente el consejero, Emilio\nBoccazzi, expres\u00f3 \u201cquedamos con un sabor agridulce en el sentido que tenemos un\nrebrote y obviamente no se pueden concentrar las causas de aquello en una\npersona o instituci\u00f3n, hay responsabilidades compartidas, sin embargo me sigue\npreocupando la facilidad<\/p>\n\n\n\n<p>con que se accede a la regi\u00f3n sin\nex\u00e1menes PCR actualizados, lo cual podr\u00eda ser una facilidad que entregue la\nautoridad sanitaria ya que si todos estamos confinados no deber\u00eda existir la\nposibilidad ni la duda en cuanto a que estamos exportando contagios,\nparticularmente en el sector productivo. Por otro lado plateamos a la seremi la\nnecesidad de ser m\u00e1s consistentes en las medidas protocolares ya que existen\nenormes exigencias en algunos rubros pero por otro lado es muy f\u00e1cil\nmovilizarse en el transporte p\u00fablico y corresponde al Estado concurrir con\napoyo para que se disponga de seguridad. Lo mismo ocurre en las l\u00edneas a\u00e9reas\npara lo cual la seremi reconoci\u00f3 que no existe un protocolo desde el ministerio\nde Salud\u201d.<\/p>\n\n\n\n<p>Al concluir, Boccazzi respald\u00f3\nel planteamiento del consejero, Tolentino Soto, referido a iniciar un plan\npiloto de desconfinamiento en Puerto Natales, \u201cno estoy diciendo que abramos el\ncord\u00f3n sanitario sino que el comercio se vea robustecido con el propio consumo\nde los natalinos, particularmente el \u00e1rea gastron\u00f3mica y hotelera ya que tenemos\ninformaci\u00f3n de parte de esos sectores y la situaci\u00f3n es grav\u00edsima. No debemos hacer\nlo mismo en todas las regiones y tampoco en todas las provincias sino tomar\nmedidas dependiendo del buen comportamiento de cada una\u201d. <\/p>\n","protected":false},"excerpt":{"rendered":"<p>Con el objetivo de informarse respecto al desarrollo de la pandemia ante el rebrote de casos en la regi\u00f3n, plantear inquietudes y brindar respaldo en el marco de sus atribuciones,&#8230; <a class=\"read-more\" href=\"https:\/\/www.radiopresidenteibanez.cl\/web\/consejo-regional-se-reunio-con-seremi-de-salud-para-analizar-situacion-sanitaria-en-magallanes-ante-rebrote-de-covid-19\/\">Leer m\u00e1s<\/a><\/p>\n","protected":false},"author":2,"featured_media":14082,"comment_status":"closed","ping_status":"closed","sticky":false,"template":"","format":"standard","meta":{"footnotes":""},"categories":[1],"tags":[],"class_list":["post-14081","post","type-post","status-publish","format-standard","has-post-thumbnail","hentry","category-cronica"],"_links":{"self":[{"href":"https:\/\/www.radiopresidenteibanez.cl\/web\/wp-json\/wp\/v2\/posts\/14081","targetHints":{"allow":["GET"]}}],"collection":[{"href":"https:\/\/www.radiopresidenteibanez.cl\/web\/wp-json\/wp\/v2\/posts"}],"about":[{"href":"https:\/\/www.radiopresidenteibanez.cl\/web\/wp-json\/wp\/v2\/types\/post"}],"author":[{"embeddable":true,"href":"https:\/\/www.radiopresidenteibanez.cl\/web\/wp-json\/wp\/v2\/users\/2"}],"replies":[{"embeddable":true,"href":"https:\/\/www.radiopresidenteibanez.cl\/web\/wp-json\/wp\/v2\/comments?post=14081"}],"version-history":[{"count":0,"href":"https:\/\/www.radiopresidenteibanez.cl\/web\/wp-json\/wp\/v2\/posts\/14081\/revisions"}],"wp:featuredmedia":[{"embeddable":true,"href":"https:\/\/www.radiopresidenteibanez.cl\/web\/wp-json\/wp\/v2\/media\/14082"}],"wp:attachment":[{"href":"https:\/\/www.radiopresidenteibanez.cl\/web\/wp-json\/wp\/v2\/media?parent=14081"}],"wp:term":[{"taxonomy":"category","embeddable":true,"href":"https:\/\/www.radiopresidenteibanez.cl\/web\/wp-json\/wp\/v2\/categories?post=14081"},{"taxonomy":"post_tag","embeddable":true,"href":"https:\/\/www.radiopresidenteibanez.cl\/web\/wp-json\/wp\/v2\/tags?post=14081"}],"curies":[{"name":"wp","href":"https:\/\/api.w.org\/{rel}","templated":true}]}}