{"id":14077,"date":"2020-08-13T00:54:34","date_gmt":"2020-08-13T00:54:34","guid":{"rendered":"https:\/\/www.radiopresidenteibanez.cl\/web\/?p=14077"},"modified":"2020-08-13T00:54:38","modified_gmt":"2020-08-13T00:54:38","slug":"diputado-bianchi-denuncia-que-las-afp-estan-actuando-ilegalmente-al-pagar-menos-que-las-35-uf-prescritas-en-la-constitucion","status":"publish","type":"post","link":"https:\/\/www.radiopresidenteibanez.cl\/web\/diputado-bianchi-denuncia-que-las-afp-estan-actuando-ilegalmente-al-pagar-menos-que-las-35-uf-prescritas-en-la-constitucion\/","title":{"rendered":"DIPUTADO BIANCHI DENUNCIA QUE LAS AFP EST\u00c1N ACTUANDO ILEGALMENTE AL PAGAR MENOS QUE LAS 35 UF PRESCRITAS EN LA CONSTITUCI\u00d3N"},"content":{"rendered":"\n<p>El parlamentario denunci\u00f3 una\nsupuesta conducta ilegal por parte de las AFP al pagar a los afiliados que han\nsolicitado el retiro de sus fondos previsionales, un monto menor a las 35 UF\nprescritas en el texto constitucional.<\/p>\n\n\n\n<p>Bianchi, autor del proyecto\nque permite el retiro, afirma que, al configurarse esta acci\u00f3n, se estar\u00eda\nvulnerando nuestra Constituci\u00f3n y eventualmente se convertir\u00eda en una conducta\nilegal realizada por las administradoras.<\/p>\n\n\n\n<p>As\u00ed, ofici\u00f3 a la\nSuperintendencia de Pensiones para que fiscalice que el monto m\u00ednimo ordenado\npor la Constituci\u00f3n, esto es 35 UF c\u00f3mo m\u00ednimo, se est\u00e9 cumpliendo en la\npr\u00e1ctica.<\/p>\n\n\n\n<p>Adem\u00e1s, solicit\u00f3 informar si\nse ha detectado que las variaciones en el precio de las cuotas de los\ndiferentes fondos han reportado una ca\u00edda superior al promedio que registraban\nantes de la entrada en vigencia de la reforma constitucional.<\/p>\n","protected":false},"excerpt":{"rendered":"<p>El parlamentario denunci\u00f3 una supuesta conducta ilegal por parte de las AFP al pagar a los afiliados que han solicitado el retiro de sus fondos previsionales, un monto menor a&#8230; <a class=\"read-more\" href=\"https:\/\/www.radiopresidenteibanez.cl\/web\/diputado-bianchi-denuncia-que-las-afp-estan-actuando-ilegalmente-al-pagar-menos-que-las-35-uf-prescritas-en-la-constitucion\/\">Leer m\u00e1s<\/a><\/p>\n","protected":false},"author":2,"featured_media":5567,"comment_status":"closed","ping_status":"closed","sticky":false,"template":"","format":"standard","meta":{"footnotes":""},"categories":[1],"tags":[],"class_list":["post-14077","post","type-post","status-publish","format-standard","has-post-thumbnail","hentry","category-cronica"],"_links":{"self":[{"href":"https:\/\/www.radiopresidenteibanez.cl\/web\/wp-json\/wp\/v2\/posts\/14077","targetHints":{"allow":["GET"]}}],"collection":[{"href":"https:\/\/www.radiopresidenteibanez.cl\/web\/wp-json\/wp\/v2\/posts"}],"about":[{"href":"https:\/\/www.radiopresidenteibanez.cl\/web\/wp-json\/wp\/v2\/types\/post"}],"author":[{"embeddable":true,"href":"https:\/\/www.radiopresidenteibanez.cl\/web\/wp-json\/wp\/v2\/users\/2"}],"replies":[{"embeddable":true,"href":"https:\/\/www.radiopresidenteibanez.cl\/web\/wp-json\/wp\/v2\/comments?post=14077"}],"version-history":[{"count":0,"href":"https:\/\/www.radiopresidenteibanez.cl\/web\/wp-json\/wp\/v2\/posts\/14077\/revisions"}],"wp:featuredmedia":[{"embeddable":true,"href":"https:\/\/www.radiopresidenteibanez.cl\/web\/wp-json\/wp\/v2\/media\/5567"}],"wp:attachment":[{"href":"https:\/\/www.radiopresidenteibanez.cl\/web\/wp-json\/wp\/v2\/media?parent=14077"}],"wp:term":[{"taxonomy":"category","embeddable":true,"href":"https:\/\/www.radiopresidenteibanez.cl\/web\/wp-json\/wp\/v2\/categories?post=14077"},{"taxonomy":"post_tag","embeddable":true,"href":"https:\/\/www.radiopresidenteibanez.cl\/web\/wp-json\/wp\/v2\/tags?post=14077"}],"curies":[{"name":"wp","href":"https:\/\/api.w.org\/{rel}","templated":true}]}}