{"id":14074,"date":"2020-08-12T18:44:24","date_gmt":"2020-08-12T18:44:24","guid":{"rendered":"https:\/\/www.radiopresidenteibanez.cl\/web\/?p=14074"},"modified":"2020-08-12T18:44:28","modified_gmt":"2020-08-12T18:44:28","slug":"aguas-magallanes-destaco-obras-realizadas-e-incorporacion-de-tecnologia","status":"publish","type":"post","link":"https:\/\/www.radiopresidenteibanez.cl\/web\/aguas-magallanes-destaco-obras-realizadas-e-incorporacion-de-tecnologia\/","title":{"rendered":"AGUAS MAGALLANES DESTAC\u00d3 OBRAS REALIZADAS E INCORPORACI\u00d3N DE TECNOLOG\u00cdA"},"content":{"rendered":"\n<p>\n\nAguas Magallanes present\u00f3 hoy a la comunidad su primera Cuenta P\u00fablica: un resumen que aborda los principales ejes de su gesti\u00f3n durante el a\u00f1o 2019, adem\u00e1s de precisar algunos de los desaf\u00edos que enfrenta la sanitaria ante el cambio clim\u00e1tico y crecimiento de las ciudades.<\/p>\n\n\n\n<p>Christian Adema Galetovic, gerente regional de Aguas Magallanes, resalt\u00f3 los significativos avances que ha realizado la compa\u00f1\u00eda para asegurar la continuidad y calidad del servicio, destacando el pr\u00f3ximo inicio de la ampliaci\u00f3n de las plantas de producci\u00f3n de agua potable de Punta Arenas y Puerto Natales, la renovaci\u00f3n de aproximadamente 1.500 metros de matrices de agua potable y 1.200 metros de colectores de aguas servidas. A lo anterior se suma la incorporaci\u00f3n de nuevas tecnolog\u00edas, con el fin de obtener una mayor cantidad de variables operativas v\u00eda telemetr\u00eda, permitiendo as\u00ed el seguimiento y control a distancia de los procesos.<\/p>\n\n\n\n<p>En relaci\u00f3n a los desaf\u00edos que impone el crecimiento de las ciudades y principalmente el impacto del cambio clim\u00e1tico sobre las fuentes de agua cruda, la compa\u00f1\u00eda enfatiz\u00f3 sobre la importancia de un manejo sostenible y responsable del recurso h\u00eddrico. \u201cEstamos trabajando para aumentar la capacidad de producci\u00f3n de agua potable en aproximadamente 10 millones de litros al d\u00eda en Punta Arenas, junto con el fortalecimiento de la planta de producci\u00f3n de Puerto Natales, para enfrentar los eventos de lluvias intensas y variaciones meteorol\u00f3gicas, que son cada vez m\u00e1s recurrentes. Confiamos en poder comenzar ambas obras en septiembre, dependiendo de las restricciones que nos impone la pandemia\u201d, detall\u00f3 el ejecutivo.<\/p>\n\n\n\n<p>Adema Galetovic, indic\u00f3 que desde la compa\u00f1\u00eda est\u00e1n orgullosos de contar con uno de los porcentajes m\u00e1s bajos de p\u00e9rdidas de agua a nivel pa\u00eds, con tan solo un 13,8%, seg\u00fan el \u00faltimo informe de la Superintendencia de Servicios Sanitarios (SISS). Adem\u00e1s, anunci\u00f3 que se est\u00e1 trabajando en la b\u00fasqueda de nuevas fuentes alternativas de agua, comenzando con estudios hidrogeol\u00f3gicos para Puerto Natales y Porvenir, para as\u00ed asegurar la continuidad y calidad del servicio de abastecimiento y distribuci\u00f3n del agua potable.<\/p>\n\n\n\n<p>\u201cEl 2019, y en medio de las complejidades que ha implicado la pandemia por Covid-19 en lo que va de 2020, sumado a las emergencias producidas por las bajas temperaturas, hemos podido ofrecer continuidad y calidad de servicio, y seguiremos en ese camino. Nuestro compromiso y el de nuestros trabajadores\/as, es entregar un servicio de excelencia a las 56 mil familias que atendemos en la regi\u00f3n de Magallanes y Ant\u00e1rtica Chilena, as\u00ed como contribuir al medioambiente y al desarrollo de las ciudades que atendemos\u201d.<\/p>\n\n\n\n<p>La cuenta p\u00fablica de Aguas Magallanes, integrante del Grupo Aguas Nuevas, est\u00e1 disponible en formato audiovisual en su sitio web&nbsp;<a href=\"http:\/\/aguasmagallanes.cl\/\" target=\"_blank\" rel=\"noreferrer noopener\">aguasmagallanes.cl<\/a>&nbsp;y en sus redes sociales.<br><\/p>\n","protected":false},"excerpt":{"rendered":"<p>Aguas Magallanes present\u00f3 hoy a la comunidad su primera Cuenta P\u00fablica: un resumen que aborda los principales ejes de su gesti\u00f3n durante el a\u00f1o 2019, adem\u00e1s de precisar algunos de&#8230; <a class=\"read-more\" href=\"https:\/\/www.radiopresidenteibanez.cl\/web\/aguas-magallanes-destaco-obras-realizadas-e-incorporacion-de-tecnologia\/\">Leer m\u00e1s<\/a><\/p>\n","protected":false},"author":2,"featured_media":14075,"comment_status":"closed","ping_status":"closed","sticky":false,"template":"","format":"standard","meta":{"footnotes":""},"categories":[1],"tags":[],"class_list":["post-14074","post","type-post","status-publish","format-standard","has-post-thumbnail","hentry","category-cronica"],"_links":{"self":[{"href":"https:\/\/www.radiopresidenteibanez.cl\/web\/wp-json\/wp\/v2\/posts\/14074","targetHints":{"allow":["GET"]}}],"collection":[{"href":"https:\/\/www.radiopresidenteibanez.cl\/web\/wp-json\/wp\/v2\/posts"}],"about":[{"href":"https:\/\/www.radiopresidenteibanez.cl\/web\/wp-json\/wp\/v2\/types\/post"}],"author":[{"embeddable":true,"href":"https:\/\/www.radiopresidenteibanez.cl\/web\/wp-json\/wp\/v2\/users\/2"}],"replies":[{"embeddable":true,"href":"https:\/\/www.radiopresidenteibanez.cl\/web\/wp-json\/wp\/v2\/comments?post=14074"}],"version-history":[{"count":0,"href":"https:\/\/www.radiopresidenteibanez.cl\/web\/wp-json\/wp\/v2\/posts\/14074\/revisions"}],"wp:featuredmedia":[{"embeddable":true,"href":"https:\/\/www.radiopresidenteibanez.cl\/web\/wp-json\/wp\/v2\/media\/14075"}],"wp:attachment":[{"href":"https:\/\/www.radiopresidenteibanez.cl\/web\/wp-json\/wp\/v2\/media?parent=14074"}],"wp:term":[{"taxonomy":"category","embeddable":true,"href":"https:\/\/www.radiopresidenteibanez.cl\/web\/wp-json\/wp\/v2\/categories?post=14074"},{"taxonomy":"post_tag","embeddable":true,"href":"https:\/\/www.radiopresidenteibanez.cl\/web\/wp-json\/wp\/v2\/tags?post=14074"}],"curies":[{"name":"wp","href":"https:\/\/api.w.org\/{rel}","templated":true}]}}