{"id":14067,"date":"2020-08-12T14:19:09","date_gmt":"2020-08-12T14:19:09","guid":{"rendered":"https:\/\/www.radiopresidenteibanez.cl\/web\/?p=14067"},"modified":"2020-08-12T14:19:12","modified_gmt":"2020-08-12T14:19:12","slug":"mindep-ind-modificaron-y-ampliaron-programacion-de-evento-virtual-magallanessemueve","status":"publish","type":"post","link":"https:\/\/www.radiopresidenteibanez.cl\/web\/mindep-ind-modificaron-y-ampliaron-programacion-de-evento-virtual-magallanessemueve\/","title":{"rendered":"MINDEP-IND MODIFICARON Y AMPLIARON PROGRAMACI\u00d3N DE EVENTO VIRTUAL #MAGALLANESSEMUEVE"},"content":{"rendered":"\n<p>Con el objetivo de promover la\nactividad f\u00edsica en casa y acompa\u00f1ar a los magall\u00e1nicos durante la pandemia, el\nMinisterio del Deporte e Instituto Nacional de Deportes modificaron y ampliaron\nla programaci\u00f3n para el evento masivo virtual #MagallanesSeMueve, programado\npara el pr\u00f3ximo 15 de agosto desde las 16:00 a las 19:00 horas. <\/p>\n\n\n\n<p>Pese a que en un principio se\ncontempl\u00f3 realizar una corrida y cicletada virtual, la programaci\u00f3n de la\nactividad, debido a la situaci\u00f3n sanitaria que vive la regi\u00f3n y para brindar\nm\u00e1s opciones a los magall\u00e1nicos en sus hogares, se modific\u00f3 y ahora se\nrealizar\u00e1 una tarde de actividad f\u00edsica con tres horas de clases online. <\/p>\n\n\n\n<p>Las actividades que contempla el\nevento #MagallanesSeMueve estar\u00e1n dirigidas para todas las edades y comenzar\u00e1 a\nlas 16:00 horas con un bloque infantil de media hora, para luego seguir con una\nclase para adultos mayores a cargo de la profesora Marisol Silva. <\/p>\n\n\n\n<p>Luego, desde las 17:15 horas, se\nrealizar\u00e1 una clase de acondicionamiento f\u00edsico con la profesora de GAP,\nJessica Pillanch\u00edn, para continuar con la actividad de body combat que\nejecutar\u00e1 Hernaldo Fierro. <\/p>\n\n\n\n<p>Finalmente, para cerrar la tarde\nde actividad f\u00edsica, est\u00e1 programada una clase de baile entretenido a cargo del\nprofesor Danny D\u00edaz. <\/p>\n\n\n\n<p>\u201cLa realizaci\u00f3n de actividad\nf\u00edsica es de gran importancia durante esta pandemia, ya que ayuda a mejorar la\nsalud tanto f\u00edsica como mental. Por eso, para acompa\u00f1ar a los magall\u00e1nicos en\nsus casas e invitarlos a mantenerse en movimiento, decidimos posponer la\ncorrida virtual para ahora entregarles una tarde de actividades para que\nrealicen en sus hogares\u201d, se\u00f1al\u00f3 la Seremi del Deporte de Magallanes y la\nAnt\u00e1rtica Chilena, Odette Callahan. <\/p>\n\n\n\n<p>\u201cEsta iniciativa busca unir a la\ncomunidad magall\u00e1nica y generar un espacio de interacci\u00f3n en torno a la actividad\nf\u00edsica y el deporte. Nuestra idea es poder acompa\u00f1ar a los magall\u00e1nicos y no\ndejarlos solos en estos momentos, entreg\u00e1ndoles una tarde de actividades para\nque puedan realizar en familia\u201d, se\u00f1al\u00f3 la Seremi del Deporte, Odette Callahan.\n<\/p>\n\n\n\n<p>El evento, que comenzar\u00e1 a las\n16:00 horas del pr\u00f3ximo s\u00e1bado 15 de agosto, se transmitir\u00e1 en vivo por el\nFacebook de Mindep Magallanes y no requiere inscripci\u00f3n previa.<\/p>\n","protected":false},"excerpt":{"rendered":"<p>Con el objetivo de promover la actividad f\u00edsica en casa y acompa\u00f1ar a los magall\u00e1nicos durante la pandemia, el Ministerio del Deporte e Instituto Nacional de Deportes modificaron y ampliaron&#8230; <a class=\"read-more\" href=\"https:\/\/www.radiopresidenteibanez.cl\/web\/mindep-ind-modificaron-y-ampliaron-programacion-de-evento-virtual-magallanessemueve\/\">Leer m\u00e1s<\/a><\/p>\n","protected":false},"author":2,"featured_media":14068,"comment_status":"closed","ping_status":"closed","sticky":false,"template":"","format":"standard","meta":{"footnotes":""},"categories":[1],"tags":[],"class_list":["post-14067","post","type-post","status-publish","format-standard","has-post-thumbnail","hentry","category-cronica"],"_links":{"self":[{"href":"https:\/\/www.radiopresidenteibanez.cl\/web\/wp-json\/wp\/v2\/posts\/14067","targetHints":{"allow":["GET"]}}],"collection":[{"href":"https:\/\/www.radiopresidenteibanez.cl\/web\/wp-json\/wp\/v2\/posts"}],"about":[{"href":"https:\/\/www.radiopresidenteibanez.cl\/web\/wp-json\/wp\/v2\/types\/post"}],"author":[{"embeddable":true,"href":"https:\/\/www.radiopresidenteibanez.cl\/web\/wp-json\/wp\/v2\/users\/2"}],"replies":[{"embeddable":true,"href":"https:\/\/www.radiopresidenteibanez.cl\/web\/wp-json\/wp\/v2\/comments?post=14067"}],"version-history":[{"count":0,"href":"https:\/\/www.radiopresidenteibanez.cl\/web\/wp-json\/wp\/v2\/posts\/14067\/revisions"}],"wp:featuredmedia":[{"embeddable":true,"href":"https:\/\/www.radiopresidenteibanez.cl\/web\/wp-json\/wp\/v2\/media\/14068"}],"wp:attachment":[{"href":"https:\/\/www.radiopresidenteibanez.cl\/web\/wp-json\/wp\/v2\/media?parent=14067"}],"wp:term":[{"taxonomy":"category","embeddable":true,"href":"https:\/\/www.radiopresidenteibanez.cl\/web\/wp-json\/wp\/v2\/categories?post=14067"},{"taxonomy":"post_tag","embeddable":true,"href":"https:\/\/www.radiopresidenteibanez.cl\/web\/wp-json\/wp\/v2\/tags?post=14067"}],"curies":[{"name":"wp","href":"https:\/\/api.w.org\/{rel}","templated":true}]}}