{"id":14064,"date":"2020-08-12T14:16:10","date_gmt":"2020-08-12T14:16:10","guid":{"rendered":"https:\/\/www.radiopresidenteibanez.cl\/web\/?p=14064"},"modified":"2020-08-12T14:16:13","modified_gmt":"2020-08-12T14:16:13","slug":"bancada-convergencia-social-presenta-proyecto-de-resolucion-que-apura-el-tramite-de-iniciativas-que-protegen-a-la-ninez-en-el-congreso","status":"publish","type":"post","link":"https:\/\/www.radiopresidenteibanez.cl\/web\/bancada-convergencia-social-presenta-proyecto-de-resolucion-que-apura-el-tramite-de-iniciativas-que-protegen-a-la-ninez-en-el-congreso\/","title":{"rendered":"BANCADA CONVERGENCIA SOCIAL PRESENTA PROYECTO DE RESOLUCI\u00d3N QUE APURA EL TR\u00c1MITE DE INICIATIVAS QUE PROTEGEN A LA NI\u00d1EZ EN EL CONGRESO"},"content":{"rendered":"\n<p>\n\nEl caso de \u00c1mbar reaviv\u00f3 la discusi\u00f3n sobre las falencias que padece el sistema de protecci\u00f3n de la infancia y la adolescencia en Chile. Actualmente, en el parlamento existen proyectos de ley iniciados en mensajes y otros en moci\u00f3n, que est\u00e1n siendo tramitados con gran lentitud, y que persiguen el objetivo de hacerse cargo de instaurar un sistema dialogante con los derechos de los ni\u00f1os, ni\u00f1as y adolescentes.<\/p>\n\n\n\n<p>Este martes los diputados de Convergencia Social Diego Ib\u00e1\u00f1ez, Gonzalo Winter, Gabriel Boric y Gael Yeomans, adem\u00e1s de Natalia Castillo (RD), presentaron en Valpara\u00edso un proyecto de resoluci\u00f3n para que el Presidente de la Rep\u00fablica ingrese mensaje que haga presente la discusi\u00f3n inmediata en tres proyectos de ley: el que establece un sistema de garant\u00edas de los derechos de la ni\u00f1ez, el que crea el Servicio Nacional de Reinserci\u00f3n Social Juvenil e introduce modificaciones a la ley N\u00b0 20.084, sobre responsabilidad penal de adolescentes, y a otras normas que indica y el que crea un estatuto integral contra la violencia en ni\u00f1os, ni\u00f1as y adolescentes.&nbsp;<\/p>\n\n\n\n<p>\u201cEntendemos que hoy la ni\u00f1ez y la adolescencia viven uno de los m\u00e1s fieles retratos del abandono del Estado. Eso es precisamente lo que nos muestra el caso de \u00c1mbar, una joven a la que todo el sistema de protecciones y cuidados le fall\u00f3. Si no entendemos esta falla como algo sist\u00e9mico que debe abordarse desde un punto de vista integral, seguiremos tropezando con piedras tan duras como las que nos deja este ejemplo. Es m\u00e1s necesario que nunca discutir y promulgar leyes con la urgencia que esta situaci\u00f3n amerita\u201d, declar\u00f3 el diputado Diego Ib\u00e1\u00f1ez.&nbsp;<\/p>\n\n\n\n<p>En tanto, el diputado Boric se\u00f1al\u00f3 que \u201cel tr\u00e1gico caso de \u00c1mbar nos muestra una vez m\u00e1s que las pol\u00edticas de protecci\u00f3n a la infancia en nuestro pa\u00eds no funcionan (&#8230;) Necesitamos que se promulgue el Servicio de Protecci\u00f3n Especializada de la Ni\u00f1ez \u2013retrasado por el veto presidencial\u2013, la ley de garant\u00edas de la ni\u00f1ez que est\u00e1 en su \u00faltimo tr\u00e1mite despu\u00e9s de m\u00e1s de diez a\u00f1os en el Congreso, y que se discuta el Estatuto integral contra la violencia en ni\u00f1os, ni\u00f1as y adolescentes, que ingresamos en enero del 2019 y que crea un nuevo cuerpo normativo que busca consagrar las bases generales para la protecci\u00f3n contra toda forma de violencia en NNA\u201d.<\/p>\n\n\n\n<p>En este marco, Ib\u00e1\u00f1ez present\u00f3 una bater\u00eda de oficios al ministerio de Justicia, Sename y Polic\u00eda de Investigaciones, adem\u00e1s de una carta al Ministerio P\u00fablico. En ellos se busca conocer mayor informaci\u00f3n para establecer un diagn\u00f3stico general respecto de la situaci\u00f3n que viven hoy las instituciones que se hacen cargo de los ni\u00f1os, ni\u00f1as y adolescentes de Chile.\n\n<\/p>\n","protected":false},"excerpt":{"rendered":"<p>El caso de \u00c1mbar reaviv\u00f3 la discusi\u00f3n sobre las falencias que padece el sistema de protecci\u00f3n de la infancia y la adolescencia en Chile. Actualmente, en el parlamento existen proyectos&#8230; <a class=\"read-more\" href=\"https:\/\/www.radiopresidenteibanez.cl\/web\/bancada-convergencia-social-presenta-proyecto-de-resolucion-que-apura-el-tramite-de-iniciativas-que-protegen-a-la-ninez-en-el-congreso\/\">Leer m\u00e1s<\/a><\/p>\n","protected":false},"author":2,"featured_media":14065,"comment_status":"closed","ping_status":"closed","sticky":false,"template":"","format":"standard","meta":{"footnotes":""},"categories":[1],"tags":[],"class_list":["post-14064","post","type-post","status-publish","format-standard","has-post-thumbnail","hentry","category-cronica"],"_links":{"self":[{"href":"https:\/\/www.radiopresidenteibanez.cl\/web\/wp-json\/wp\/v2\/posts\/14064","targetHints":{"allow":["GET"]}}],"collection":[{"href":"https:\/\/www.radiopresidenteibanez.cl\/web\/wp-json\/wp\/v2\/posts"}],"about":[{"href":"https:\/\/www.radiopresidenteibanez.cl\/web\/wp-json\/wp\/v2\/types\/post"}],"author":[{"embeddable":true,"href":"https:\/\/www.radiopresidenteibanez.cl\/web\/wp-json\/wp\/v2\/users\/2"}],"replies":[{"embeddable":true,"href":"https:\/\/www.radiopresidenteibanez.cl\/web\/wp-json\/wp\/v2\/comments?post=14064"}],"version-history":[{"count":0,"href":"https:\/\/www.radiopresidenteibanez.cl\/web\/wp-json\/wp\/v2\/posts\/14064\/revisions"}],"wp:featuredmedia":[{"embeddable":true,"href":"https:\/\/www.radiopresidenteibanez.cl\/web\/wp-json\/wp\/v2\/media\/14065"}],"wp:attachment":[{"href":"https:\/\/www.radiopresidenteibanez.cl\/web\/wp-json\/wp\/v2\/media?parent=14064"}],"wp:term":[{"taxonomy":"category","embeddable":true,"href":"https:\/\/www.radiopresidenteibanez.cl\/web\/wp-json\/wp\/v2\/categories?post=14064"},{"taxonomy":"post_tag","embeddable":true,"href":"https:\/\/www.radiopresidenteibanez.cl\/web\/wp-json\/wp\/v2\/tags?post=14064"}],"curies":[{"name":"wp","href":"https:\/\/api.w.org\/{rel}","templated":true}]}}