{"id":14055,"date":"2020-08-12T14:07:07","date_gmt":"2020-08-12T14:07:07","guid":{"rendered":"https:\/\/www.radiopresidenteibanez.cl\/web\/?p=14055"},"modified":"2020-08-12T14:07:10","modified_gmt":"2020-08-12T14:07:10","slug":"hoy-no-votarian-ordenanza-de-aridos-ya-que-no-fue-presentada-por-el-alcalde-en-la-tabla-del-concejo-municipal","status":"publish","type":"post","link":"https:\/\/www.radiopresidenteibanez.cl\/web\/hoy-no-votarian-ordenanza-de-aridos-ya-que-no-fue-presentada-por-el-alcalde-en-la-tabla-del-concejo-municipal\/","title":{"rendered":"HOY NO VOTAR\u00cdAN ORDENANZA DE \u00c1RIDOS YA QUE NO FUE PRESENTADA POR EL ALCALDE EN LA TABLA DEL CONCEJO MUNICIPAL"},"content":{"rendered":"\n<p>Desde ayer\nmartes, 11 de agosto, los camioneros que trabajan en el retiro de \u00e1ridos en la\nciudad de Punta Arenas, se encuentran paralizados y se tomaron la ruta de\ningreso y salida a la ciudad capital de Magallanes, en la ocasi\u00f3n, se esperaba\nque el alcalde les entregar\u00e1 una respuesta a estos trabajadores lo cual hasta\nel momento no ha sucedido y estos siguen en el sector que une las avenidas\nCarlos Ib\u00e1\u00f1ez del Campo con Eduardo Frei.<\/p>\n\n\n\n<p>Desde el\nmunicipio de Punta Arenas, se coment\u00f3 que la nueva ordenanza para el retiro de \u00e1ridos\nse encontraba lista y que solo deb\u00eda ser votada por los concejales lo cual se esperaba\nque fuera durante la nueva sesi\u00f3n del concejo municipal de este mi\u00e9rcoles, 12\nde agosto.<\/p>\n\n\n\n<p>Lo anterior,\nno suceder\u00e1 ya que el alcalde de la comuna, Claudio Radonich, no puso en tabla\neste punto y se tomar\u00e1n temas, como el pago de la cuota anual a la Asociaci\u00f3n\nChilena de Municipalidades, patentes de alcoholes, ordenanza de caminos, entre\notros.<\/p>\n\n\n\n<p>Otros de\nlos rumores que se hicieron fuerte fue que el alcalde quer\u00eda presentar esta noci\u00f3n\nen la tabla de la sesi\u00f3n 140 del concejo municipal, y que algunos concejales\nhab\u00edan estado en contra de esto y esperaban que sea votado hasta el pr\u00f3ximo d\u00eda\n19 de agosto, lo cual fue descartado por varios regidores municipales.<\/p>\n\n\n\n<p>Se desconoce si durante la ma\u00f1ana Claudio Radonich, agregu\u00e9 a la tabla la ordenanza para ser votada lo antes posible y as\u00ed poder entregar una respuesta r\u00e1pida a los trabajadores.<\/p>\n\n\n\n<figure class=\"wp-block-image size-large\"><img loading=\"lazy\" decoding=\"async\" width=\"900\" height=\"600\" src=\"https:\/\/www.radiopresidenteibanez.cl\/web\/wp-content\/uploads\/2020\/08\/20200812_105111.jpg\" alt=\"\" class=\"wp-image-14056\" srcset=\"https:\/\/www.radiopresidenteibanez.cl\/web\/wp-content\/uploads\/2020\/08\/20200812_105111.jpg 900w, https:\/\/www.radiopresidenteibanez.cl\/web\/wp-content\/uploads\/2020\/08\/20200812_105111-300x200.jpg 300w, https:\/\/www.radiopresidenteibanez.cl\/web\/wp-content\/uploads\/2020\/08\/20200812_105111-768x512.jpg 768w\" sizes=\"auto, (max-width: 900px) 100vw, 900px\" \/><\/figure>\n\n\n\n<p><\/p>\n\n\n\n<p><\/p>\n\n\n\n<p>CHH\/ES<\/p>\n","protected":false},"excerpt":{"rendered":"<p>Desde ayer martes, 11 de agosto, los camioneros que trabajan en el retiro de \u00e1ridos en la ciudad de Punta Arenas, se encuentran paralizados y se tomaron la ruta de&#8230; <a class=\"read-more\" href=\"https:\/\/www.radiopresidenteibanez.cl\/web\/hoy-no-votarian-ordenanza-de-aridos-ya-que-no-fue-presentada-por-el-alcalde-en-la-tabla-del-concejo-municipal\/\">Leer m\u00e1s<\/a><\/p>\n","protected":false},"author":2,"featured_media":14056,"comment_status":"closed","ping_status":"closed","sticky":false,"template":"","format":"standard","meta":{"footnotes":""},"categories":[1],"tags":[],"class_list":["post-14055","post","type-post","status-publish","format-standard","has-post-thumbnail","hentry","category-cronica"],"_links":{"self":[{"href":"https:\/\/www.radiopresidenteibanez.cl\/web\/wp-json\/wp\/v2\/posts\/14055","targetHints":{"allow":["GET"]}}],"collection":[{"href":"https:\/\/www.radiopresidenteibanez.cl\/web\/wp-json\/wp\/v2\/posts"}],"about":[{"href":"https:\/\/www.radiopresidenteibanez.cl\/web\/wp-json\/wp\/v2\/types\/post"}],"author":[{"embeddable":true,"href":"https:\/\/www.radiopresidenteibanez.cl\/web\/wp-json\/wp\/v2\/users\/2"}],"replies":[{"embeddable":true,"href":"https:\/\/www.radiopresidenteibanez.cl\/web\/wp-json\/wp\/v2\/comments?post=14055"}],"version-history":[{"count":0,"href":"https:\/\/www.radiopresidenteibanez.cl\/web\/wp-json\/wp\/v2\/posts\/14055\/revisions"}],"wp:featuredmedia":[{"embeddable":true,"href":"https:\/\/www.radiopresidenteibanez.cl\/web\/wp-json\/wp\/v2\/media\/14056"}],"wp:attachment":[{"href":"https:\/\/www.radiopresidenteibanez.cl\/web\/wp-json\/wp\/v2\/media?parent=14055"}],"wp:term":[{"taxonomy":"category","embeddable":true,"href":"https:\/\/www.radiopresidenteibanez.cl\/web\/wp-json\/wp\/v2\/categories?post=14055"},{"taxonomy":"post_tag","embeddable":true,"href":"https:\/\/www.radiopresidenteibanez.cl\/web\/wp-json\/wp\/v2\/tags?post=14055"}],"curies":[{"name":"wp","href":"https:\/\/api.w.org\/{rel}","templated":true}]}}