{"id":14049,"date":"2020-08-11T18:20:39","date_gmt":"2020-08-11T18:20:39","guid":{"rendered":"https:\/\/www.radiopresidenteibanez.cl\/web\/?p=14049"},"modified":"2020-08-11T18:20:42","modified_gmt":"2020-08-11T18:20:42","slug":"core-aprobo-la-ejecucion-de-dos-proyectos-fril-presentados-por-el-municipio-de-punta-arenas","status":"publish","type":"post","link":"https:\/\/www.radiopresidenteibanez.cl\/web\/core-aprobo-la-ejecucion-de-dos-proyectos-fril-presentados-por-el-municipio-de-punta-arenas\/","title":{"rendered":"CORE APROB\u00d3 LA EJECUCI\u00d3N DE DOS PROYECTOS FRIL PRESENTADOS POR EL MUNICIPIO DE PUNTA ARENAS"},"content":{"rendered":"\n<p>Por unanimidad el Consejo\nRegional de Magallanes y de la Ant\u00e1rtica Chilena aprob\u00f3 este lunes la ejecuci\u00f3n\nde dos iniciativas presentadas por el municipio de Punta Arenas las cuales ser\u00e1n&nbsp; financiadas a trav\u00e9s de los recursos del\nFondo Regional de Iniciativa Local (FRIL). <\/p>\n\n\n\n<p>Se trata de la \u201cConservaci\u00f3n Junta de Vecinos\nN\u00b0 49 Sim\u00f3n Bolivar\u201d para lo cual ser\u00e1n destinados 20 millones 754 mil pesos y \u201cConservaci\u00f3n\nMobiliario Urbano Avenida Salvador Allende entre Avenida Circunvalaci\u00f3n y\nZenteno, Punta Arenas\u201d, por un monto de 71 millones 314 mil pesos, ambos con\ncargo a los recursos FRIL asignados al municipio de Punta Arenas, al cual de\nacuerdo a la propuesta de Distribuci\u00f3n\nComunal a\u00f1o 2020 aprobada por el CORE a principios de enero le corresponde un\ntotal de 1.800 millones de pesos. <\/p>\n\n\n\n<p>Seg\u00fan\nse inform\u00f3 en el trabajo de comisiones, estos proyectos permitir\u00e1n la\ncontrataci\u00f3n de treinta personas por un periodo de tres meses. En cuanto a las\nobras, la conservaci\u00f3n\nde la Junta de Vecinos Sim\u00f3n Bolivar, contempla el cambio de revestimiento y\npintura para la sede, en tanto la conservaci\u00f3n del mobiliario urbano\nde Avenida Salvador Allende entre Circunvalaci\u00f3n y Zenteno, apunta al\nmejoramiento de los bandejones, renovaci\u00f3n de las estructuras met\u00e1licas y mobiliario\nurbano, mejoramiento de jardiner\u00edas\ny sendas de paseo, incorporando m\u00e1s vegetaci\u00f3n a este sector que debido al transcurso del tiempo y factor\nclim\u00e1tico hoy presenta una deteriorada imagen. <\/p>\n\n\n\n<p>Seg\u00fan\ncoment\u00f3 el presidente de la comisi\u00f3n Infraestructura, Miguel Sierpe, \u201cestos\nproyectos representan una manera elegante de llamar a un plan de absorci\u00f3n de cesant\u00eda.\nEs gente que queda sin trabajo en esta \u00e9poca del a\u00f1o y se le da una oportunidad\nlaboral que consiste principalmente en pintura o reparaci\u00f3n de infraestructura\nurbana. Hay una cantidad de proyectos importantes en este \u00e1mbito y en las complejas\ncondiciones que enfrentamos producto de la pandemia, estamos obligados a\naprobarlos, sin embargo no es la forma de paliar la cesant\u00eda ya que son\nproyectos precarios que no otorgan garant\u00edas laborales. Seguiremos insistiendo con\nlos municipios en cuanto a la necesidad de trabajar en planes que brinden mejores\ncondiciones y permitan a las personas desarrollarse. Una posibilidad puede ser entregar\nestos recursos para capacitaci\u00f3n a fin de que tengan mejores expectativas de\nfuturo\u201d, afirm\u00f3. <\/p>\n\n\n\n<p>Finalmente\nel consejero, Antonio Bradasic, destac\u00f3 \u201cestas obras no solo significan mejorar\ninfraestructura y espacios para la comunidad sino tambi\u00e9n la generaci\u00f3n de puestos\nde trabajo y absorci\u00f3n de mano de obra que en algo contribuyen a bajan los \u00edndices\nde cesant\u00eda. En estos tiempos de crisis, el Estado es la entidad con mayor fuerza\ny recursos para apoyar la econom\u00eda local y generar&nbsp; instrumentos para hacer frente a la pandemia\u201d,\nconcluy\u00f3 el consejero regional. <\/p>\n","protected":false},"excerpt":{"rendered":"<p>Por unanimidad el Consejo Regional de Magallanes y de la Ant\u00e1rtica Chilena aprob\u00f3 este lunes la ejecuci\u00f3n de dos iniciativas presentadas por el municipio de Punta Arenas las cuales ser\u00e1n&nbsp;&#8230; <a class=\"read-more\" href=\"https:\/\/www.radiopresidenteibanez.cl\/web\/core-aprobo-la-ejecucion-de-dos-proyectos-fril-presentados-por-el-municipio-de-punta-arenas\/\">Leer m\u00e1s<\/a><\/p>\n","protected":false},"author":2,"featured_media":14047,"comment_status":"closed","ping_status":"closed","sticky":false,"template":"","format":"standard","meta":{"footnotes":""},"categories":[1],"tags":[],"class_list":["post-14049","post","type-post","status-publish","format-standard","has-post-thumbnail","hentry","category-cronica"],"_links":{"self":[{"href":"https:\/\/www.radiopresidenteibanez.cl\/web\/wp-json\/wp\/v2\/posts\/14049","targetHints":{"allow":["GET"]}}],"collection":[{"href":"https:\/\/www.radiopresidenteibanez.cl\/web\/wp-json\/wp\/v2\/posts"}],"about":[{"href":"https:\/\/www.radiopresidenteibanez.cl\/web\/wp-json\/wp\/v2\/types\/post"}],"author":[{"embeddable":true,"href":"https:\/\/www.radiopresidenteibanez.cl\/web\/wp-json\/wp\/v2\/users\/2"}],"replies":[{"embeddable":true,"href":"https:\/\/www.radiopresidenteibanez.cl\/web\/wp-json\/wp\/v2\/comments?post=14049"}],"version-history":[{"count":0,"href":"https:\/\/www.radiopresidenteibanez.cl\/web\/wp-json\/wp\/v2\/posts\/14049\/revisions"}],"wp:featuredmedia":[{"embeddable":true,"href":"https:\/\/www.radiopresidenteibanez.cl\/web\/wp-json\/wp\/v2\/media\/14047"}],"wp:attachment":[{"href":"https:\/\/www.radiopresidenteibanez.cl\/web\/wp-json\/wp\/v2\/media?parent=14049"}],"wp:term":[{"taxonomy":"category","embeddable":true,"href":"https:\/\/www.radiopresidenteibanez.cl\/web\/wp-json\/wp\/v2\/categories?post=14049"},{"taxonomy":"post_tag","embeddable":true,"href":"https:\/\/www.radiopresidenteibanez.cl\/web\/wp-json\/wp\/v2\/tags?post=14049"}],"curies":[{"name":"wp","href":"https:\/\/api.w.org\/{rel}","templated":true}]}}