{"id":14046,"date":"2020-08-11T18:12:33","date_gmt":"2020-08-11T18:12:33","guid":{"rendered":"https:\/\/www.radiopresidenteibanez.cl\/web\/?p=14046"},"modified":"2020-08-11T18:12:36","modified_gmt":"2020-08-11T18:12:36","slug":"core-aprueba-subsidio-de-450-millones-que-sera-distribuido-en-municipios-de-la-region-para-financiar-diversas-iniciativas-derivadas-del-covid-19","status":"publish","type":"post","link":"https:\/\/www.radiopresidenteibanez.cl\/web\/core-aprueba-subsidio-de-450-millones-que-sera-distribuido-en-municipios-de-la-region-para-financiar-diversas-iniciativas-derivadas-del-covid-19\/","title":{"rendered":"CORE APRUEBA SUBSIDIO DE 450 MILLONES QUE SER\u00c1 DISTRIBUIDO EN MUNICIPIOS DE LA REGI\u00d3N PARA FINANCIAR DIVERSAS INICIATIVAS DERIVADAS DEL COVID -19"},"content":{"rendered":"\n<p>El Consejo Regional de Magallanes y de la Ant\u00e1rtica\nChilena aprob\u00f3 en la sesi\u00f3n plenaria N\u00b016 efectuada este lunes por\nvideoconferencia, un subsidio de 450 millones de pesos que ser\u00e1n distribuidos\nen los diez municipios de la regi\u00f3n a fin de permitir el financiamiento de\niniciativas en materia social, econ\u00f3mica y sanitaria derivadas del Covid -19.<\/p>\n\n\n\n<p>Seg\u00fan inform\u00f3 el presidente de la comisi\u00f3n\nPresupuesto, Ram\u00f3n Lobos, a principios de mayo se solicit\u00f3 a los municipios\nelaborar un catastro de las prestaciones que realizan habitualmente, tales como\nmantenci\u00f3n de parques, \u00e1reas verdes, aseo y ornato, recolecci\u00f3n de basura, a lo\ncual siete de ellos respondieron. &nbsp;Hoy,\nlo que hace el Consejo Regional, de acuerdo a la Glosa 2.3 de la Ley de Presupuesto 2020, es entregar un respiro\na todos los municipios de tal manera que los recursos que han gastado o est\u00e1n\ngastando para enfrentar los efectos de la pandemia puedan ser cubiertos.<\/p>\n\n\n\n<p>\u201cComo Gobierno Regional,\nvolvemos a meternos la mano al bolsillo, ya no solo con los Fondos del 5% FNDR de\nayuda Social, no solo con el 6% FNDR destinado a las distintas organizaciones\nterritoriales o con los m\u00e1s de tres mil millones que se entregaron al sector Salud\npara hacer frente a los estragos de la pandemia desde el punto de vista\nsanitario. Ahora estamos inyectando cuatrocientos cincuenta millones que van a\nir en beneficio de los diez municipios a fin de liberar recursos para ayuda social.\nSeguimos insistiendo, un aporte\nimportante en el enfrentamiento de esta pandemia y sus consecuencias sanitarias\ny socioecon\u00f3micas, proviene de los fondos regionales y la ciudadan\u00eda debe saber\nque es preocupaci\u00f3n de este consejo, desde hace muchos meses, apurar estas\ncausas para que efectivamente esto se traduzca en ayuda para la poblaci\u00f3n\u201d, detall\u00f3\nel consejero Lobos. <\/p>\n\n\n\n<p>Asimismo\nel consejero, Miguel Sierpe, argument\u00f3 \u201csolicitamos al ejecutivo del Gobierno Regional,\nalgunas modificaciones al planteamiento que se nos hab\u00eda hecho, lo cual\nsignifica a trav\u00e9s de la Glosa 2.3 del FNDR &nbsp;transferir recursos a los municipios para que estos\nlogren tener liquidez en sus arcas y liberar recursos para ayudas sociales. Estos\nfondos van a beneficiar a las diez comunas de la regi\u00f3n, la propuesta inicial favorec\u00eda\nsolo a siete de ellos pero el consejo acord\u00f3 solicitar al Intendente un incremento\nde cincuenta millones de pesos, lo cual fue acogido de buena manera. Hemos\nlogrado entregar un nuevo aporte a los municipios lo cual les permitir\u00e1 de\nalguna manera pagar sus cuentas y destinar recursos a otras ayudas para la\ngente en los dif\u00edciles momentos que muchos est\u00e1n pasando\u201d.<\/p>\n\n\n\n<p>Finalmente\nel consejero, Emilio Boccazzi, valor\u00f3 el trabajo de los consejeros y la\ncomisi\u00f3n Presupuesto, lo cual permiti\u00f3 que el intendente modificara su oficio\nde presentaci\u00f3n \u201chab\u00edan tres municipios que no estaban considerados, Cabo de\nHornos, Timaukel y Primavera. Es importante que este sea un proceso\ntransparente y la informaci\u00f3n llegue a todos los municipios a fin que logren\npostular a estos recursos frescos que son in\u00e9ditos\u201d, concluy\u00f3 el consejero\nregional. <\/p>\n","protected":false},"excerpt":{"rendered":"<p>El Consejo Regional de Magallanes y de la Ant\u00e1rtica Chilena aprob\u00f3 en la sesi\u00f3n plenaria N\u00b016 efectuada este lunes por videoconferencia, un subsidio de 450 millones de pesos que ser\u00e1n&#8230; <a class=\"read-more\" href=\"https:\/\/www.radiopresidenteibanez.cl\/web\/core-aprueba-subsidio-de-450-millones-que-sera-distribuido-en-municipios-de-la-region-para-financiar-diversas-iniciativas-derivadas-del-covid-19\/\">Leer m\u00e1s<\/a><\/p>\n","protected":false},"author":2,"featured_media":14047,"comment_status":"closed","ping_status":"closed","sticky":false,"template":"","format":"standard","meta":{"footnotes":""},"categories":[1],"tags":[],"class_list":["post-14046","post","type-post","status-publish","format-standard","has-post-thumbnail","hentry","category-cronica"],"_links":{"self":[{"href":"https:\/\/www.radiopresidenteibanez.cl\/web\/wp-json\/wp\/v2\/posts\/14046","targetHints":{"allow":["GET"]}}],"collection":[{"href":"https:\/\/www.radiopresidenteibanez.cl\/web\/wp-json\/wp\/v2\/posts"}],"about":[{"href":"https:\/\/www.radiopresidenteibanez.cl\/web\/wp-json\/wp\/v2\/types\/post"}],"author":[{"embeddable":true,"href":"https:\/\/www.radiopresidenteibanez.cl\/web\/wp-json\/wp\/v2\/users\/2"}],"replies":[{"embeddable":true,"href":"https:\/\/www.radiopresidenteibanez.cl\/web\/wp-json\/wp\/v2\/comments?post=14046"}],"version-history":[{"count":0,"href":"https:\/\/www.radiopresidenteibanez.cl\/web\/wp-json\/wp\/v2\/posts\/14046\/revisions"}],"wp:featuredmedia":[{"embeddable":true,"href":"https:\/\/www.radiopresidenteibanez.cl\/web\/wp-json\/wp\/v2\/media\/14047"}],"wp:attachment":[{"href":"https:\/\/www.radiopresidenteibanez.cl\/web\/wp-json\/wp\/v2\/media?parent=14046"}],"wp:term":[{"taxonomy":"category","embeddable":true,"href":"https:\/\/www.radiopresidenteibanez.cl\/web\/wp-json\/wp\/v2\/categories?post=14046"},{"taxonomy":"post_tag","embeddable":true,"href":"https:\/\/www.radiopresidenteibanez.cl\/web\/wp-json\/wp\/v2\/tags?post=14046"}],"curies":[{"name":"wp","href":"https:\/\/api.w.org\/{rel}","templated":true}]}}