{"id":14043,"date":"2020-08-11T18:09:51","date_gmt":"2020-08-11T18:09:51","guid":{"rendered":"https:\/\/www.radiopresidenteibanez.cl\/web\/?p=14043"},"modified":"2020-08-11T18:09:56","modified_gmt":"2020-08-11T18:09:56","slug":"ganaderos-de-indap-reciben-forraje-para-sus-animales-en-sector-de-dorotea","status":"publish","type":"post","link":"https:\/\/www.radiopresidenteibanez.cl\/web\/ganaderos-de-indap-reciben-forraje-para-sus-animales-en-sector-de-dorotea\/","title":{"rendered":"GANADEROS DE INDAP RECIBEN FORRAJE PARA SUS ANIMALES EN SECTOR DE DOROTEA"},"content":{"rendered":"\n<p>Julio y agosto de 2020 son dos meses que no olvidar\u00e1 f\u00e1cil la ganadera, Flor Olavarr\u00eda. La hist\u00f3ricas heladas y la copiosa nieve ca\u00edda en toda la provincia de \u00daltima Esperanza, especialmente en el sector de Dorotea, afecta a sus 32 bovinos y 35 ovinos.&nbsp;&nbsp;&nbsp;&nbsp;<\/p>\n\n\n\n<p>Y la afecta cuando mejor preparada estaba.&nbsp;&nbsp;Y es que hoy siembra y cosecha una hect\u00e1rea de pradera, con apoyo de programas de INDAP, pero las hist\u00f3ricas bajas temperaturas de hasta 13 grados bajo cero la tienen preocupada.&nbsp;&nbsp;&nbsp;<\/p>\n\n\n\n<p>\u201cSe ha complicado m\u00e1s que otros a\u00f1os, ha sido hist\u00f3rico\u2026 la nieve se fue, y hoy volvi\u00f3 de nuevo. La verdad es que el apoyo de fardos me va a servir mucho\u201d, dice Olavarr\u00eda.&nbsp;<\/p>\n\n\n\n<p>En total se entregaron 93 fardos a trece productores de Dorotea que integran el programa Prodesal de Indap en Puerto Natales. El programa que se trabaja de manera conjunta con el municipio est\u00e1 desarrollando un seguimiento y apoyo a los campesinos m\u00e1s afectados.&nbsp;<\/p>\n\n\n\n<p>\u201cJunto a la Municipalidad de Puerto Natales y el alcalde, estamos apoyando a los peque\u00f1os ganaderos. Es importante el trabajo coordinado que se realiza con el municipio gracias al Prodesal, tambi\u00e9n ha sido un apoyo el convenio suscrito entre INDAP y el Gobierno Regional\u201d, indic\u00f3. &nbsp;<\/p>\n\n\n\n<p>A su vez, aclar\u00f3 que \u201choy el ganadero est\u00e1 m\u00e1s preparado, tiene m\u00e1s conocimiento. Hemos entregado maquinaria para cosechar y aumentado los planes de pradera suplementaria, esperamos seguir avanzando y que la segunda parte del convenio suscrito entre Indap y el Gobierno regional puedo concretarse\u201d, explic\u00f3.&nbsp;<\/p>\n\n\n\n<p>Finalmente, Bradasic expres\u00f3 que cada vez m\u00e1s son los agricultores que entienden la importancia de preparar praderas y cosechar alimentos para reservar en los dif\u00edciles momentos. &nbsp;<\/p>\n","protected":false},"excerpt":{"rendered":"<p>Julio y agosto de 2020 son dos meses que no olvidar\u00e1 f\u00e1cil la ganadera, Flor Olavarr\u00eda. La hist\u00f3ricas heladas y la copiosa nieve ca\u00edda en toda la provincia de \u00daltima&#8230; <a class=\"read-more\" href=\"https:\/\/www.radiopresidenteibanez.cl\/web\/ganaderos-de-indap-reciben-forraje-para-sus-animales-en-sector-de-dorotea\/\">Leer m\u00e1s<\/a><\/p>\n","protected":false},"author":2,"featured_media":14044,"comment_status":"closed","ping_status":"closed","sticky":false,"template":"","format":"standard","meta":{"footnotes":""},"categories":[1],"tags":[],"class_list":["post-14043","post","type-post","status-publish","format-standard","has-post-thumbnail","hentry","category-cronica"],"_links":{"self":[{"href":"https:\/\/www.radiopresidenteibanez.cl\/web\/wp-json\/wp\/v2\/posts\/14043","targetHints":{"allow":["GET"]}}],"collection":[{"href":"https:\/\/www.radiopresidenteibanez.cl\/web\/wp-json\/wp\/v2\/posts"}],"about":[{"href":"https:\/\/www.radiopresidenteibanez.cl\/web\/wp-json\/wp\/v2\/types\/post"}],"author":[{"embeddable":true,"href":"https:\/\/www.radiopresidenteibanez.cl\/web\/wp-json\/wp\/v2\/users\/2"}],"replies":[{"embeddable":true,"href":"https:\/\/www.radiopresidenteibanez.cl\/web\/wp-json\/wp\/v2\/comments?post=14043"}],"version-history":[{"count":0,"href":"https:\/\/www.radiopresidenteibanez.cl\/web\/wp-json\/wp\/v2\/posts\/14043\/revisions"}],"wp:featuredmedia":[{"embeddable":true,"href":"https:\/\/www.radiopresidenteibanez.cl\/web\/wp-json\/wp\/v2\/media\/14044"}],"wp:attachment":[{"href":"https:\/\/www.radiopresidenteibanez.cl\/web\/wp-json\/wp\/v2\/media?parent=14043"}],"wp:term":[{"taxonomy":"category","embeddable":true,"href":"https:\/\/www.radiopresidenteibanez.cl\/web\/wp-json\/wp\/v2\/categories?post=14043"},{"taxonomy":"post_tag","embeddable":true,"href":"https:\/\/www.radiopresidenteibanez.cl\/web\/wp-json\/wp\/v2\/tags?post=14043"}],"curies":[{"name":"wp","href":"https:\/\/api.w.org\/{rel}","templated":true}]}}