{"id":14034,"date":"2020-08-11T13:04:34","date_gmt":"2020-08-11T13:04:34","guid":{"rendered":"https:\/\/www.radiopresidenteibanez.cl\/web\/?p=14034"},"modified":"2020-08-11T13:04:39","modified_gmt":"2020-08-11T13:04:39","slug":"microempresarios-indigenas-de-la-region-de-magallanes-y-de-la-antartica-chilena","status":"publish","type":"post","link":"https:\/\/www.radiopresidenteibanez.cl\/web\/microempresarios-indigenas-de-la-region-de-magallanes-y-de-la-antartica-chilena\/","title":{"rendered":"MICROEMPRESARIOS IND\u00cdGENAS DE LA REGI\u00d3N DE MAGALLANES Y DE LA ANT\u00c1RTICA CHILENA"},"content":{"rendered":"\n<p>Junto con saludarlos, les comento que el concurso p\u00fablico de\nFinanciamiento para Emprendedores y Microempresarios Ind\u00edgenas de la Regi\u00f3n de\nMagallanes y Ant\u00e1rtica Chilena ,&nbsp; es\nModalidad on line, el cual busca financiar emprendimientos o potenciar\nmicroempresas de personas ind\u00edgenas de la Regi\u00f3n de Magallanes y de la\nAnt\u00e1rtica Chilena, para lo cual quienes est\u00e9n interesados en postular debe\ncontar con Clave \u00danica, para acceder al formulario en la secci\u00f3n Concursos en\nL\u00ednea de la p\u00e1gina www.conadi.gob.cl<\/p>\n\n\n\n<p>Los\/as postulantes deben ingresar su propuesta en el\nformulario on line junto a los anexos solicitados, al finalizar recibir\u00e1 un\ncomprobante en su correo electr\u00f3nico.<\/p>\n\n\n\n<p>NOMBRE: FINANCIAMIENTO PARA EMPRENDEDORES Y MICROEMPRESARIOS\nIND\u00cdGENAS DE LA REGI\u00d3N DE MAGALLANES Y DE LA ANT\u00c1RTICA CHILENA. MODALIDAD ON\nLINE.<\/p>\n\n\n\n<p>MONTO TOTAL: $49.000.000.-<\/p>\n\n\n\n<p>MONTO POR PROYECTO: $3.500.000.-<\/p>\n\n\n\n<p>CANTIDAD DE BENEFICIARIOS: 14<\/p>\n\n\n\n<p>OBJETIVO: Potenciar y promover el fortalecimiento de\nemprendimientos y microempresas ind\u00edgenas urbanas y rurales que rescaten y\ndesarrollen las culturas ind\u00edgenas y\/o que tengan relaci\u00f3n directa con\nactividades productivas de la poblaci\u00f3n ind\u00edgena empleadas para la generaci\u00f3n\nde ingresos y as\u00ed contribuir al mejoramiento de la calidad de vida de quienes\nlas realizan.<\/p>\n\n\n\n<p>TIPOS DE PROYECTO QUE SE FINANCIAN: 1)Inversi\u00f3n 2)Materias\nprimas o insumos 3)Publicidad.<\/p>\n\n\n\n<p>D\u00d3NDE OBTENER LAS BASES:\nhttp:\/\/www.conadi.gob.cl\/gobiernotransparente\/transparencia\/Concursos\/Concursos.html<\/p>\n\n\n\n<p>FECHAS OBTENCI\u00d3N DE BASES: desde el 10 de agosto de 2020.<\/p>\n\n\n\n<p>FECHA INICIO DE PREGUNTAS: desde el 10 DE AGOSTO AL 27 DE\nAGOSTO, por mail a: edelgado@conadi.gov.cl<\/p>\n\n\n\n<p>FECHA CIERRE RECEPCI\u00d3N DE POSTULACIONES: 28 DE AGOSTO, 23:59\nHORAS.<\/p>\n\n\n\n<p>Quienes deseen postular deben ingresar de la siguiente\nforma:<\/p>\n\n\n\n<p>www.conadi.gob.cl<\/p>\n\n\n\n<p>Ingresar al Banner: Concursos en L\u00ednea<\/p>\n\n\n\n<p>Buscar: Subsidio al Fomento a la Econom\u00eda Ind\u00edgena, CONADI<\/p>\n\n\n\n<p>Pinchar: Iniciar Tr\u00e1mite<\/p>\n\n\n\n<p>Elegir: OFICINA DE ASUNTOS IND\u00cdGENAS DE PUNTA ARENAS,\nIniciar tr\u00e1mite. Ingresar su Clave \u00danica.<\/p>\n\n\n\n<p>Completar el formulario de postulaci\u00f3n, ingresando todos los\nanexos solicitados. Enviar postulaci\u00f3n.<\/p>\n\n\n\n<p>El postulante recibir\u00e1 una notificaci\u00f3n que acredita su postulaci\u00f3n, a trav\u00e9s de correo electr\u00f3nico.<\/p>\n\n\n\n<p>A seguir cuid\u00e1ndose&nbsp; y\nante dudas y consultas escribir hasta el d\u00eda 27 de agosto al correo\nedelgado@conadi.gov.cl<\/p>\n","protected":false},"excerpt":{"rendered":"<p>Junto con saludarlos, les comento que el concurso p\u00fablico de Financiamiento para Emprendedores y Microempresarios Ind\u00edgenas de la Regi\u00f3n de Magallanes y Ant\u00e1rtica Chilena ,&nbsp; es Modalidad on line, el&#8230; <a class=\"read-more\" href=\"https:\/\/www.radiopresidenteibanez.cl\/web\/microempresarios-indigenas-de-la-region-de-magallanes-y-de-la-antartica-chilena\/\">Leer m\u00e1s<\/a><\/p>\n","protected":false},"author":2,"featured_media":14035,"comment_status":"closed","ping_status":"closed","sticky":false,"template":"","format":"standard","meta":{"footnotes":""},"categories":[1],"tags":[],"class_list":["post-14034","post","type-post","status-publish","format-standard","has-post-thumbnail","hentry","category-cronica"],"_links":{"self":[{"href":"https:\/\/www.radiopresidenteibanez.cl\/web\/wp-json\/wp\/v2\/posts\/14034","targetHints":{"allow":["GET"]}}],"collection":[{"href":"https:\/\/www.radiopresidenteibanez.cl\/web\/wp-json\/wp\/v2\/posts"}],"about":[{"href":"https:\/\/www.radiopresidenteibanez.cl\/web\/wp-json\/wp\/v2\/types\/post"}],"author":[{"embeddable":true,"href":"https:\/\/www.radiopresidenteibanez.cl\/web\/wp-json\/wp\/v2\/users\/2"}],"replies":[{"embeddable":true,"href":"https:\/\/www.radiopresidenteibanez.cl\/web\/wp-json\/wp\/v2\/comments?post=14034"}],"version-history":[{"count":0,"href":"https:\/\/www.radiopresidenteibanez.cl\/web\/wp-json\/wp\/v2\/posts\/14034\/revisions"}],"wp:featuredmedia":[{"embeddable":true,"href":"https:\/\/www.radiopresidenteibanez.cl\/web\/wp-json\/wp\/v2\/media\/14035"}],"wp:attachment":[{"href":"https:\/\/www.radiopresidenteibanez.cl\/web\/wp-json\/wp\/v2\/media?parent=14034"}],"wp:term":[{"taxonomy":"category","embeddable":true,"href":"https:\/\/www.radiopresidenteibanez.cl\/web\/wp-json\/wp\/v2\/categories?post=14034"},{"taxonomy":"post_tag","embeddable":true,"href":"https:\/\/www.radiopresidenteibanez.cl\/web\/wp-json\/wp\/v2\/tags?post=14034"}],"curies":[{"name":"wp","href":"https:\/\/api.w.org\/{rel}","templated":true}]}}