{"id":14031,"date":"2020-08-11T12:58:28","date_gmt":"2020-08-11T12:58:28","guid":{"rendered":"https:\/\/www.radiopresidenteibanez.cl\/web\/?p=14031"},"modified":"2020-08-11T12:58:32","modified_gmt":"2020-08-11T12:58:32","slug":"incendio-afecto-a-dependencias-de-oficinas-en-forestal-russfin-tierra-del-fuego","status":"publish","type":"post","link":"https:\/\/www.radiopresidenteibanez.cl\/web\/incendio-afecto-a-dependencias-de-oficinas-en-forestal-russfin-tierra-del-fuego\/","title":{"rendered":"INCENDIO AFECT\u00d3 A DEPENDENCIAS DE OFICINAS EN FORESTAL RUSSFIN, TIERRA DEL FUEGO"},"content":{"rendered":"\n<p>Incendio consumi\u00f3 en su totalidad las oficinas principales\nde la Forestal Russfin, que se encuentra ubicado a unos 180 kil\u00f3metros de Porvenir,\nen Tierra del Fuego, en la ocasi\u00f3n, debido a su lejan\u00eda voluntarios de Bomberos\nde la ciudad capital de la provincia fuegina lleg\u00f3 a eso de la 23:30 horas,\ncerca de dos horas despu\u00e9s del inicio de la emergencia.<\/p>\n\n\n\n<p>Al cierre de esta edici\u00f3n no se reportaban personas lesionadas y se esta investigaci\u00f3n el inicio del incendio. <\/p>\n\n\n\n<p><\/p>\n\n\n\n<p>CHH.<\/p>\n","protected":false},"excerpt":{"rendered":"<p>Incendio consumi\u00f3 en su totalidad las oficinas principales de la Forestal Russfin, que se encuentra ubicado a unos 180 kil\u00f3metros de Porvenir, en Tierra del Fuego, en la ocasi\u00f3n, debido&#8230; <a class=\"read-more\" href=\"https:\/\/www.radiopresidenteibanez.cl\/web\/incendio-afecto-a-dependencias-de-oficinas-en-forestal-russfin-tierra-del-fuego\/\">Leer m\u00e1s<\/a><\/p>\n","protected":false},"author":2,"featured_media":14032,"comment_status":"closed","ping_status":"closed","sticky":false,"template":"","format":"standard","meta":{"footnotes":""},"categories":[1],"tags":[],"class_list":["post-14031","post","type-post","status-publish","format-standard","has-post-thumbnail","hentry","category-cronica"],"_links":{"self":[{"href":"https:\/\/www.radiopresidenteibanez.cl\/web\/wp-json\/wp\/v2\/posts\/14031","targetHints":{"allow":["GET"]}}],"collection":[{"href":"https:\/\/www.radiopresidenteibanez.cl\/web\/wp-json\/wp\/v2\/posts"}],"about":[{"href":"https:\/\/www.radiopresidenteibanez.cl\/web\/wp-json\/wp\/v2\/types\/post"}],"author":[{"embeddable":true,"href":"https:\/\/www.radiopresidenteibanez.cl\/web\/wp-json\/wp\/v2\/users\/2"}],"replies":[{"embeddable":true,"href":"https:\/\/www.radiopresidenteibanez.cl\/web\/wp-json\/wp\/v2\/comments?post=14031"}],"version-history":[{"count":0,"href":"https:\/\/www.radiopresidenteibanez.cl\/web\/wp-json\/wp\/v2\/posts\/14031\/revisions"}],"wp:featuredmedia":[{"embeddable":true,"href":"https:\/\/www.radiopresidenteibanez.cl\/web\/wp-json\/wp\/v2\/media\/14032"}],"wp:attachment":[{"href":"https:\/\/www.radiopresidenteibanez.cl\/web\/wp-json\/wp\/v2\/media?parent=14031"}],"wp:term":[{"taxonomy":"category","embeddable":true,"href":"https:\/\/www.radiopresidenteibanez.cl\/web\/wp-json\/wp\/v2\/categories?post=14031"},{"taxonomy":"post_tag","embeddable":true,"href":"https:\/\/www.radiopresidenteibanez.cl\/web\/wp-json\/wp\/v2\/tags?post=14031"}],"curies":[{"name":"wp","href":"https:\/\/api.w.org\/{rel}","templated":true}]}}