{"id":14008,"date":"2020-08-10T01:17:06","date_gmt":"2020-08-10T01:17:06","guid":{"rendered":"https:\/\/www.radiopresidenteibanez.cl\/web\/?p=14008"},"modified":"2020-08-10T01:17:10","modified_gmt":"2020-08-10T01:17:10","slug":"cesfam-mateo-bencur-permanecera-cerrado-para-realizar-trabajos-de-mantencion-y-reparacion","status":"publish","type":"post","link":"https:\/\/www.radiopresidenteibanez.cl\/web\/cesfam-mateo-bencur-permanecera-cerrado-para-realizar-trabajos-de-mantencion-y-reparacion\/","title":{"rendered":"CESFAM MATEO BENCUR PERMANECER\u00c1 CERRADO PARA REALIZAR TRABAJOS DE MANTENCI\u00d3N Y REPARACI\u00d3N"},"content":{"rendered":"\n<p>A partir de este lunes 10 de agosto y hasta nuevo aviso, el CESFAM Mateo Bencur permanecer\u00e1 cerrado debido a trabajos de mantenci\u00f3n y reparaci\u00f3n de  las l\u00edneas de gas.<\/p>\n\n\n\n<p> La entrega de medicamentos se mantendr\u00e1 durante las ma\u00f1anas. Adem\u00e1s  el SAPU funcionar\u00e1 en el CESFAM CARLOS IB\u00c1\u00d1EZ en los siguientes horarios:<\/p>\n\n\n\n<p> VIERNES DE 17:00 a 23:00<\/p>\n\n\n\n<p> S\u00c1BADO Y DOMINGO DE 10:00 a 19:00 <\/p>\n\n\n\n<p>Informaci\u00f3n desde el municipio de Punta Arenas.<\/p>\n","protected":false},"excerpt":{"rendered":"<p>A partir de este lunes 10 de agosto y hasta nuevo aviso, el CESFAM Mateo Bencur permanecer\u00e1 cerrado debido a trabajos de mantenci\u00f3n y reparaci\u00f3n de las l\u00edneas de gas&#8230;. <a class=\"read-more\" href=\"https:\/\/www.radiopresidenteibanez.cl\/web\/cesfam-mateo-bencur-permanecera-cerrado-para-realizar-trabajos-de-mantencion-y-reparacion\/\">Leer m\u00e1s<\/a><\/p>\n","protected":false},"author":2,"featured_media":14009,"comment_status":"closed","ping_status":"closed","sticky":false,"template":"","format":"standard","meta":{"footnotes":""},"categories":[1],"tags":[],"class_list":["post-14008","post","type-post","status-publish","format-standard","has-post-thumbnail","hentry","category-cronica"],"_links":{"self":[{"href":"https:\/\/www.radiopresidenteibanez.cl\/web\/wp-json\/wp\/v2\/posts\/14008","targetHints":{"allow":["GET"]}}],"collection":[{"href":"https:\/\/www.radiopresidenteibanez.cl\/web\/wp-json\/wp\/v2\/posts"}],"about":[{"href":"https:\/\/www.radiopresidenteibanez.cl\/web\/wp-json\/wp\/v2\/types\/post"}],"author":[{"embeddable":true,"href":"https:\/\/www.radiopresidenteibanez.cl\/web\/wp-json\/wp\/v2\/users\/2"}],"replies":[{"embeddable":true,"href":"https:\/\/www.radiopresidenteibanez.cl\/web\/wp-json\/wp\/v2\/comments?post=14008"}],"version-history":[{"count":0,"href":"https:\/\/www.radiopresidenteibanez.cl\/web\/wp-json\/wp\/v2\/posts\/14008\/revisions"}],"wp:featuredmedia":[{"embeddable":true,"href":"https:\/\/www.radiopresidenteibanez.cl\/web\/wp-json\/wp\/v2\/media\/14009"}],"wp:attachment":[{"href":"https:\/\/www.radiopresidenteibanez.cl\/web\/wp-json\/wp\/v2\/media?parent=14008"}],"wp:term":[{"taxonomy":"category","embeddable":true,"href":"https:\/\/www.radiopresidenteibanez.cl\/web\/wp-json\/wp\/v2\/categories?post=14008"},{"taxonomy":"post_tag","embeddable":true,"href":"https:\/\/www.radiopresidenteibanez.cl\/web\/wp-json\/wp\/v2\/tags?post=14008"}],"curies":[{"name":"wp","href":"https:\/\/api.w.org\/{rel}","templated":true}]}}