{"id":13977,"date":"2020-08-09T15:22:45","date_gmt":"2020-08-09T15:22:45","guid":{"rendered":"https:\/\/www.radiopresidenteibanez.cl\/web\/?p=13977"},"modified":"2020-08-09T15:22:48","modified_gmt":"2020-08-09T15:22:48","slug":"escultura-de-francisco-gazitua-conmemorara-los-500-anos-del-estrecho-de-magallanes","status":"publish","type":"post","link":"https:\/\/www.radiopresidenteibanez.cl\/web\/escultura-de-francisco-gazitua-conmemorara-los-500-anos-del-estrecho-de-magallanes\/","title":{"rendered":"ESCULTURA DE FRANCISCO GAZIT\u00daA CONMEMORAR\u00c1 LOS 500 A\u00d1OS DEL ESTRECHO DE MAGALLANES"},"content":{"rendered":"\n<p>La obra\n\u201cCircunnavegaci\u00f3n\u201d de Francisco Gazit\u00faa result\u00f3 ganadora de un concurso de arte\np\u00fablico que invit\u00f3 a seis destacados artistas nacionales a proponer una\nintervenci\u00f3n que conmemore los cinco siglos del Estrecho de Magallanes.<\/p>\n\n\n\n<p>Inspirada en\nuna esfera armilar, instrumento astron\u00f3mico utilizado hasta fines de la Edad\nMedia, la escultura es una met\u00e1fora del globo terr\u00e1queo que contiene en su\ninterior una representaci\u00f3n del Nao Victoria -embarcaci\u00f3n que comandaba\nHernando de Magallanes- navegando en direcci\u00f3n al oeste y con su m\u00e1stil mayor\nen la posici\u00f3n del eje de la tierra, inclinado a 23 grados.<\/p>\n\n\n\n<p>Con 17 metros\nde altura y 12 metros de di\u00e1metro, la escultura de m\u00e1s de 25 toneladas estar\u00e1\nubicada en la avenida Costanera del Estrecho en Punta Arenas, junto a la\ndesembocadura del r\u00edo Las Minas, y podr\u00e1 ser visible a m\u00e1s de doscientos metros\nde distancia.<\/p>\n\n\n\n<p>La propuesta de\nFrancisco Gazit\u00faa fue escogida el 8 de junio por un jurado de once miembros encabezado\npor el Presidente de la Rep\u00fablica, Sebasti\u00e1n Pi\u00f1era, e integrado por el entonces\nMinistro de Relaciones Exteriores, Teodoro Ribera, la Ministra de las Culturas,\nlas Artes y el Patrimonio, Consuelo Vald\u00e9s, y el Subsecretario de Obras\nP\u00fablicas, Crist\u00f3bal Leturia, entre otros.<\/p>\n\n\n\n<p>En el concurso\ntambi\u00e9n participaron los artistas Vicente Gajardo, Osvaldo Pe\u00f1a, Carlos\nFern\u00e1ndez, Paola Vezzani y Marcela Romagnoli. Estas dos \u00faltimas escultoras\nobtuvieron el segundo y tercer lugar en el certamen, respectivamente, con las\npropuestas tituladas \u201cFaro Punta Arenas\u201d y \u201cReencuentro de mundos\u201d.<\/p>\n\n\n\n<p>El concurso\nart\u00edstico fue convocado por la Comisi\u00f3n Presidencial 500 A\u00f1os Estrecho de\nMagallanes y organizado por la Direcci\u00f3n de Arquitectura del Ministerio de\nObras P\u00fablicas, la cual estar\u00e1 a cargo de materializar la obra ganadora para\nque sea inaugurada a fines de octubre pr\u00f3ximo durante las actividades\nconmemorativas de este hallazgo que posibilit\u00f3 el primer viaje alrededor del\nmundo y permiti\u00f3 demostrar que la Tierra es una circunferencia.<\/p>\n\n\n\n<p>El jurado\ntambi\u00e9n estuvo integrado por Ra\u00fal Irarr\u00e1zabal; Director Nacional de\nArquitectura del MOP; Cecilia Guzm\u00e1n, Secretaria Ejecutiva del Consejo Asesor\nPresidencial 500 A\u00f1os; Fabi\u00e1n Mella, Seremi de Justicia de Magallanes y la\nAnt\u00e1rtica Chilena (en representaci\u00f3n del Intendente); Claudio Radonich, Alcalde\nde Punta Arenas; Erwin Brevis, Secretario Ejecutivo del Consejo de Monumentos\nNacionales; Mateo Martinic, Premio Nacional de Historia; y Gaspar Galaz, especialista\nen artes visuales.<\/p>\n\n\n\n<p>\u201cEstamos\ncomplacidos tras la finalizaci\u00f3n de este gran concurso p\u00fablico, realizado en el\nmarco de las actividades de conmemoraci\u00f3n de los 500 a\u00f1os del descubrimiento\ndel Estrecho de Magallanes, y felicitamos al destacado artista nacional cuya\nobra resultara ganadora\u201d, destac\u00f3 el Seremi de Obras P\u00fablicas Pablo Rendoll,\na\u00f1adiendo que \u201cla Direcci\u00f3n de Arquitectura ser\u00e1 la encargada de materializar\neste emblem\u00e1tico proyecto, estim\u00e1ndose que a fines de octubre del pr\u00f3ximo a\u00f1o\nse pueda concluir esta imponente escultura que se posar\u00e1 en un lugar tan\nsignificativo, como la Costanera de Punta Arenas\u201d.<\/p>\n\n\n\n<p>ANTECEDENTES\nDEL ARTISTA Y SU PROPUESTA<\/p>\n\n\n\n<p>Nacido en 1944,\nFrancisco Gazit\u00faa Costabal ha desarrollado durante cinco d\u00e9cadas un prestigio\ntrabajo escult\u00f3rico a nivel nacional e internacional, con m\u00e1s de cincuenta\nobras repartidas a lo largo del pa\u00eds y otras 23 instaladas en una decena de\npa\u00edses. Formado en la Escuela de Bellas Artes de la Universidad de Chile, donde\nfue disc\u00edpulo de Marta Colvin y Samuel Rom\u00e1n, durante los a\u00f1os 70 curs\u00f3\nestudios de escultura avanzada en la Saint Martin&#8217;s School of Art, en Londres,\ndonde fue designado como profesor en 1979. De regreso en Chile en 1984, ha\nejercido como docente en diversas universidades nacionales. Entre sus\nprincipales reconocimientos destacan su distinci\u00f3n, en 2010, como miembro\nasociado de la Academie Royale des Sciences, des Lettres et des Beaux Art de B\u00e9lgica,\ny su nominaci\u00f3n, en 2017, como Patr\u00f3n de la Hamstead School of Art de\nInglaterra.<\/p>\n\n\n\n<p>Seg\u00fan lo\npropuesto por el artista en los antecedentes entregados durante el concurso, la\nobra \u201cCircunnavegaci\u00f3n\u201d se constituye en un silencioso testimonio material del\nviaje de Magallanes, situando a Punta Arenas como un importante referente en la\nhistoria cient\u00edfica de la humanidad. \u201cEl viaje de Magallanes impone una verdad\ncient\u00edfica que cambia el esquema ptolemaico y su inherente visi\u00f3n geoc\u00e9ntrica,\npor la helioc\u00e9ntrica simbolizada por una nueva Esfera Armilar, tambi\u00e9n evocada\npor este monumento\u201d, asegura Gazit\u00faa.<\/p>\n\n\n\n<p>\u201cLa escultura\nes una met\u00e1fora el globo terr\u00e1queo cuyo eje coincide el con m\u00e1stil mayor de\nesta nave, que se inclina del mismo modo en 23 grados. El coraz\u00f3n de esta\nescultura representa un buque: Nao Victoria. Los c\u00edrculos de acero que lo\ncontienen, muestran su itinerario, su viaje de circunnavegaci\u00f3n de rumbo fijo\nhacia el oeste, finalmente su llegada gracias a su tripulaci\u00f3n heroica despu\u00e9s\nde 2 a\u00f1os a su punto de partida, cargado de una gran verdad: La redondez de la\ntierra\u201d, agrega. <\/p>\n\n\n\n<p>Esta obra de\narte p\u00fablico tambi\u00e9n fue conceptualizada como un homenaje a los pueblos\noriginarios, que poblaron la Patagonia y Tierra del Fuego hace m\u00e1s de diez mil\na\u00f1os. En opini\u00f3n de Gazit\u00faa, \u201clos c\u00edrculos en el monumento simbolizan la\nprimera universalizaci\u00f3n\u201d realizada hace m\u00e1s de diez mil a\u00f1os, mientras que las\nluminarias de la obra siguen el trazado de la constelaci\u00f3n de Ori\u00f3n, que\nformaba parte de la mitolog\u00eda del pueblo Selknam.<\/p>\n","protected":false},"excerpt":{"rendered":"<p>La obra \u201cCircunnavegaci\u00f3n\u201d de Francisco Gazit\u00faa result\u00f3 ganadora de un concurso de arte p\u00fablico que invit\u00f3 a seis destacados artistas nacionales a proponer una intervenci\u00f3n que conmemore los cinco siglos&#8230; <a class=\"read-more\" href=\"https:\/\/www.radiopresidenteibanez.cl\/web\/escultura-de-francisco-gazitua-conmemorara-los-500-anos-del-estrecho-de-magallanes\/\">Leer m\u00e1s<\/a><\/p>\n","protected":false},"author":2,"featured_media":13978,"comment_status":"closed","ping_status":"closed","sticky":false,"template":"","format":"standard","meta":{"footnotes":""},"categories":[1],"tags":[],"class_list":["post-13977","post","type-post","status-publish","format-standard","has-post-thumbnail","hentry","category-cronica"],"_links":{"self":[{"href":"https:\/\/www.radiopresidenteibanez.cl\/web\/wp-json\/wp\/v2\/posts\/13977","targetHints":{"allow":["GET"]}}],"collection":[{"href":"https:\/\/www.radiopresidenteibanez.cl\/web\/wp-json\/wp\/v2\/posts"}],"about":[{"href":"https:\/\/www.radiopresidenteibanez.cl\/web\/wp-json\/wp\/v2\/types\/post"}],"author":[{"embeddable":true,"href":"https:\/\/www.radiopresidenteibanez.cl\/web\/wp-json\/wp\/v2\/users\/2"}],"replies":[{"embeddable":true,"href":"https:\/\/www.radiopresidenteibanez.cl\/web\/wp-json\/wp\/v2\/comments?post=13977"}],"version-history":[{"count":0,"href":"https:\/\/www.radiopresidenteibanez.cl\/web\/wp-json\/wp\/v2\/posts\/13977\/revisions"}],"wp:featuredmedia":[{"embeddable":true,"href":"https:\/\/www.radiopresidenteibanez.cl\/web\/wp-json\/wp\/v2\/media\/13978"}],"wp:attachment":[{"href":"https:\/\/www.radiopresidenteibanez.cl\/web\/wp-json\/wp\/v2\/media?parent=13977"}],"wp:term":[{"taxonomy":"category","embeddable":true,"href":"https:\/\/www.radiopresidenteibanez.cl\/web\/wp-json\/wp\/v2\/categories?post=13977"},{"taxonomy":"post_tag","embeddable":true,"href":"https:\/\/www.radiopresidenteibanez.cl\/web\/wp-json\/wp\/v2\/tags?post=13977"}],"curies":[{"name":"wp","href":"https:\/\/api.w.org\/{rel}","templated":true}]}}