{"id":13972,"date":"2020-08-07T19:56:14","date_gmt":"2020-08-07T19:56:14","guid":{"rendered":"https:\/\/www.radiopresidenteibanez.cl\/web\/?p=13972"},"modified":"2020-08-07T19:56:18","modified_gmt":"2020-08-07T19:56:18","slug":"mas-de-cien-familias-de-magallanes-fueron-beneficiadas-con-el-subsidio-habitacional-de-clase-media-del-minvu","status":"publish","type":"post","link":"https:\/\/www.radiopresidenteibanez.cl\/web\/mas-de-cien-familias-de-magallanes-fueron-beneficiadas-con-el-subsidio-habitacional-de-clase-media-del-minvu\/","title":{"rendered":"M\u00c1S DE CIEN FAMILIAS DE MAGALLANES FUERON BENEFICIADAS CON EL SUBSIDIO HABITACIONAL DE CLASE MEDIA DEL MINVU"},"content":{"rendered":"\n<p>Este a\u00f1o el proceso de postulaci\u00f3n para el Subsidio Habitacional de Clase Media (DS01) comenz\u00f3 en medio de la crisis sanitaria del Covid-19 y, por ello, el Ministerio de Vivienda y Urbanismo decidi\u00f3 que las postulaciones a este beneficio fueran 100% online para evitar aglomeraciones y reducir los riesgos de contagio. Los resultados de este proceso se dieron a conocer este viernes en&nbsp;<strong><a href=\"http:\/\/www.minvu.cl\/\" target=\"_blank\" rel=\"noreferrer noopener\">www.minvu.cl<\/a><\/strong>&nbsp;con la publicaci\u00f3n de la n\u00f3mina de las 9.424 familias seleccionadas a lo largo de todo el pa\u00eds, mientras que en la Regi\u00f3n de Magallanes, fueron 111 las familias beneficiadas.<\/p>\n\n\n\n<p>El Ministro de Vivienda y Urbanismo,&nbsp;<strong>Felipe Ward<\/strong>, destac\u00f3 el buen desarrollo que tuvo el proceso iniciado el pasado 12 de mayo y que se llev\u00f3 en plena emergencia sanitaria: \u201cTodos los equipos del Ministerio y del Serviu, a lo largo de todo el Chile, hicieron un gran esfuerzo para sacar adelante este primer llamado nacional que tuvo una postulaci\u00f3n 100% digital, algo totalmente in\u00e9dito y que result\u00f3 completamente exitoso. Por ello, hoy podemos anunciar que m\u00e1s de las 9 mil familias de todo Chile fueron seleccionadas para la adjudicaci\u00f3n de este importante beneficio que otorga el Gobierno\u201d, expres\u00f3.<\/p>\n\n\n\n<p>Por su parte, el titular de la cartera en la regi\u00f3n,&nbsp;<strong>Jos\u00e9 Miguel Horcos<\/strong>, dijo que \u201cesta sin duda fue una experiencia nueva y tuvimos que adaptarnos de la mejor manera. Estamos felices con c\u00f3mo se dio, la respuesta oportuna ante la ciudadan\u00eda y felicitar a las m\u00e1s de cien familias que ya tienen un paso muy avanzado para obtener su anhelada vivienda propia\u201d.<\/p>\n\n\n\n<p>Igualmente, el seremi anunci\u00f3 que \u201cante la pandemia del Coronavirus, estamos trabajando en un protocolo de entrega de certificados para estas familias, para as\u00ed evitar contagios y no exponer a las personas, lo cual informaremos a su debido momento\u201d.<\/p>\n\n\n\n<p>Adem\u00e1s de la postulaci\u00f3n digital, este llamado cont\u00f3 con diversas facilidades y flexibilizaci\u00f3n de sus requisitos para ayudar a las familias a postular, entre las que contaron: la eliminaci\u00f3n de la exigencia para presentar la preaprobaci\u00f3n del cr\u00e9dito hipotecario; la aceptaci\u00f3n para presentar documentos vencidos como la c\u00e9dula de identidad; y la postulaci\u00f3n autom\u00e1tica para quienes lo hubiesen hecho anteriormente sin ser seleccionados, entre otros.<\/p>\n\n\n\n<p>Por su parte, el director regional de Serviu,&nbsp;<strong>Dubalio P\u00e9rez<\/strong>, explic\u00f3 que \u00abde los 111 beneficiados en Magallanes, tenemos personas que buscar\u00e1n viviendas en Punta Arenas y Natales, la mayor\u00eda en la modalidad adquisici\u00f3n, mientras que 10 personas optaron al subsidio para construcci\u00f3n de una vivienda en sitio propio. Quiero felicitar a estas familias, por la constancia, ya que en general, por la cantidad de recursos disponibles,&nbsp; podemos seleccionar aproximadamente al 20% de los postulantes. Y uno de los aspectos que m\u00e1s se considera entre los puntajes que se asignan, es la constancia en el ahorro\u201d.<\/p>\n\n\n\n<p>Finalmente, las autoridades regionales del Minvu, recalcaron que pronto se les comunicar\u00e1 a las familias c\u00f3mo se har\u00e1 entrega de sus certificados, para que puedan iniciar sus tr\u00e1mites de compra o con las inmobiliarias que tiene proyectos de integraci\u00f3n social y territorial.<\/p>\n\n\n\n<p><strong>\u00bfEn qu\u00e9 consiste el DS01?<\/strong><\/p>\n\n\n\n<p>Es un subsidio que permite a familias que no son due\u00f1as de una vivienda y tienen capacidad de ahorro, acceder a una ayuda econ\u00f3mica para comprar una casa o departamento nuevo o usado de un valor m\u00e1ximo de 2.200 Unidades de Fomento (UF).<\/p>\n\n\n\n<p>Las familias cuentan con un plazo de 21 meses, prorrogables autom\u00e1ticamente por 18 meses m\u00e1s para encontrar una vivienda que se pueda adquirir con el subsidio.&nbsp;<\/p>\n","protected":false},"excerpt":{"rendered":"<p>Este a\u00f1o el proceso de postulaci\u00f3n para el Subsidio Habitacional de Clase Media (DS01) comenz\u00f3 en medio de la crisis sanitaria del Covid-19 y, por ello, el Ministerio de Vivienda&#8230; <a class=\"read-more\" href=\"https:\/\/www.radiopresidenteibanez.cl\/web\/mas-de-cien-familias-de-magallanes-fueron-beneficiadas-con-el-subsidio-habitacional-de-clase-media-del-minvu\/\">Leer m\u00e1s<\/a><\/p>\n","protected":false},"author":2,"featured_media":13973,"comment_status":"closed","ping_status":"closed","sticky":false,"template":"","format":"standard","meta":{"footnotes":""},"categories":[1],"tags":[],"class_list":["post-13972","post","type-post","status-publish","format-standard","has-post-thumbnail","hentry","category-cronica"],"_links":{"self":[{"href":"https:\/\/www.radiopresidenteibanez.cl\/web\/wp-json\/wp\/v2\/posts\/13972","targetHints":{"allow":["GET"]}}],"collection":[{"href":"https:\/\/www.radiopresidenteibanez.cl\/web\/wp-json\/wp\/v2\/posts"}],"about":[{"href":"https:\/\/www.radiopresidenteibanez.cl\/web\/wp-json\/wp\/v2\/types\/post"}],"author":[{"embeddable":true,"href":"https:\/\/www.radiopresidenteibanez.cl\/web\/wp-json\/wp\/v2\/users\/2"}],"replies":[{"embeddable":true,"href":"https:\/\/www.radiopresidenteibanez.cl\/web\/wp-json\/wp\/v2\/comments?post=13972"}],"version-history":[{"count":0,"href":"https:\/\/www.radiopresidenteibanez.cl\/web\/wp-json\/wp\/v2\/posts\/13972\/revisions"}],"wp:featuredmedia":[{"embeddable":true,"href":"https:\/\/www.radiopresidenteibanez.cl\/web\/wp-json\/wp\/v2\/media\/13973"}],"wp:attachment":[{"href":"https:\/\/www.radiopresidenteibanez.cl\/web\/wp-json\/wp\/v2\/media?parent=13972"}],"wp:term":[{"taxonomy":"category","embeddable":true,"href":"https:\/\/www.radiopresidenteibanez.cl\/web\/wp-json\/wp\/v2\/categories?post=13972"},{"taxonomy":"post_tag","embeddable":true,"href":"https:\/\/www.radiopresidenteibanez.cl\/web\/wp-json\/wp\/v2\/tags?post=13972"}],"curies":[{"name":"wp","href":"https:\/\/api.w.org\/{rel}","templated":true}]}}