{"id":13950,"date":"2020-08-06T19:35:23","date_gmt":"2020-08-06T19:35:23","guid":{"rendered":"https:\/\/www.radiopresidenteibanez.cl\/web\/?p=13950"},"modified":"2020-08-06T19:35:27","modified_gmt":"2020-08-06T19:35:27","slug":"la-violencia-no-por-rolando-martinez","status":"publish","type":"post","link":"https:\/\/www.radiopresidenteibanez.cl\/web\/la-violencia-no-por-rolando-martinez\/","title":{"rendered":"\u00abLA VIOLENCIA NO\u00bb por Rolando Mart\u00ednez"},"content":{"rendered":"\n<p>Los graves hechos de violencia desatados en la zona de La Araucan\u00eda, por las reivindicaciones del pueblo mapuche, no hacen m\u00e1s que recordarnos que es una gran herida abierta que no ha sido solucionada por ninguno de los gobiernos que han pasado y menos por el presente.<\/p>\n\n\n\n<p>Traigu\u00e9n, Curacautin, Ercilla, Lonquimay, Victoria y Collipulli, est\u00e1n hoy en el ojo del hurac\u00e1n por las tomas que hubo en los municipios y por los graves enfrentamientos con el pueblo mapuche.<\/p>\n\n\n\n<p>El gobierno ha ignorado la demanda que presos mapuches iniciaron con huelga de hambre en diversos recintos penitenciarios porque buscan que se les aplique el Convenio 169 de la Organizaci\u00f3n Internacional del Trabajo.<\/p>\n\n\n\n<p>Es decir: el derecho de los pueblos ind\u00edgenas a mantener y fortalecer sus culturas, formas de vida e instituciones propias, y su derecho a participar de manera efectiva en las decisiones que les afectan.<\/p>\n\n\n\n<p>Ni m\u00e1s ni menos. Claro est\u00e1 que hay un c\u00famulo de situaciones que han agudizado a\u00fan m\u00e1s el conflicto y que los pol\u00edticos no han podido encarar. Ni los del pasado, ni los del presente.<\/p>\n\n\n\n<p>Vale recordar que los \u00faltimos hechos de violencia son la consecuencia de una demanda que se materializ\u00f3 el pasado lunes 27 de julio cuando seis municipalidades de la regi\u00f3n de La Araucan\u00eda -Curacaut\u00edn, Lonquimay, Victoria, Traigu\u00e9n, Galvarino y Collipulli- amanecieron tomadas por organizaciones mapuche, exigiendo una respuesta del gobierno respecto a la demanda de los 27 presos en huelga de hambre que cumpl\u00edan 85 d\u00edas en ayuno en las c\u00e1rceles de Angol, Temuco y Lebu, y que solicitan la aplicaci\u00f3n del Convenio 169 de la Organizaci\u00f3n Internacional del Trabajo (OIT) sobre Pueblos Ind\u00edgenas y Tribales en Pa\u00edses Independientes.<\/p>\n\n\n\n<p>Los huelguistas apelan al art\u00edculo 10 del tratado que indica que, \u201ccuando se impongan sanciones penales previstas por la legislaci\u00f3n general a miembros de dichos pueblos deber\u00e1n tenerse en cuenta sus caracter\u00edsticas econ\u00f3micas, sociales y culturales\u201d. A su vez, agrega que \u201cdeber\u00e1 darse la preferencia a tipos de sanci\u00f3n distintos del encarcelamiento\u201d. En este caso, es que una de las peticiones y los ocho condenados,&nbsp; piden cumplir la condena en sus respectivas comunidades.<\/p>\n\n\n\n<p>Las tomas se mantuvieron con la venia policial que vigilaba a distancia, pero todo desencaden\u00f3 en los hechos de violencia con la intervenci\u00f3n de grupos civiles-antimapuches, seg\u00fan consigna la prensa en la zona, que resolvieron desalojar a los que permanec\u00edan en el interior, sin que intercedieran los efectivos policiales.<\/p>\n\n\n\n<p>Estos hechos lamentablemente se desencadenaron tras su primera visita a la zona como ministro del Interior, V\u00edctor P\u00e9rez, quien asumi\u00f3 en el \u00faltimo ajuste ministerial realizado hace una semana.<\/p>\n\n\n\n<p>Para algunos sectores su visita no hizo m\u00e1s que alentar enfrentamientos y odiosidades. Su objetivo fue reunirse con el Comit\u00e9 Policial y coordinar acciones a seguir en la regi\u00f3n y en la provincia de Arauco.<\/p>\n\n\n\n<p>Si bien el nuevo ministro asegur\u00f3 que trabajar\u00e1 por el di\u00e1logo, su visita no fue bien vista por diversos sectores y el dolor m\u00e1s grande es que muchas de las personas desalojadas fueron golpeadas por esos grupos antimapuches sin que fueran defendidas por las fuerzas policiales, aseguran las versiones period\u00edsticas.<\/p>\n\n\n\n<p>Todo esto solo nos llama a reflexionar que hoy m\u00e1s que nunca se necesita un trabajo dedicado y con la mirada de atender las verdaderas demandas de los mapuches.<\/p>\n\n\n\n<p>La violencia y el enfrentamiento no conducir\u00e1 a nada. Solo aumentar el odio. La justicia debiera investigar a estos grupos que actuaron sobrepasando la presencia de las polic\u00edas. Si esto es validado estamos ante un mal precedente que puede repetirse.<\/p>\n\n\n\n<p>En el pasado se burlaron los derechos de otras etnias que sucumbieron ante las ambiciones de una sociedad que no supo aquilatar la importancia de los pueblos originarios.<\/p>\n\n\n\n<p>Ahora m\u00e1s que nunca se requiere de autoridades que est\u00e9n a la altura de enfrentar este problema y escuchar al pueblo mapuche. Lamentablemente temo que a\u00fan no llegan las personas capaces de escuchar, mostrar voluntad y resolver estas y otras demandas que socavan esta democracia que sigue en deuda para muchos.<\/p>\n","protected":false},"excerpt":{"rendered":"<p>Los graves hechos de violencia desatados en la zona de La Araucan\u00eda, por las reivindicaciones del pueblo mapuche, no hacen m\u00e1s que recordarnos que es una gran herida abierta que&#8230; <a class=\"read-more\" href=\"https:\/\/www.radiopresidenteibanez.cl\/web\/la-violencia-no-por-rolando-martinez\/\">Leer m\u00e1s<\/a><\/p>\n","protected":false},"author":2,"featured_media":13951,"comment_status":"closed","ping_status":"closed","sticky":false,"template":"","format":"standard","meta":{"footnotes":""},"categories":[1],"tags":[],"class_list":["post-13950","post","type-post","status-publish","format-standard","has-post-thumbnail","hentry","category-cronica"],"_links":{"self":[{"href":"https:\/\/www.radiopresidenteibanez.cl\/web\/wp-json\/wp\/v2\/posts\/13950","targetHints":{"allow":["GET"]}}],"collection":[{"href":"https:\/\/www.radiopresidenteibanez.cl\/web\/wp-json\/wp\/v2\/posts"}],"about":[{"href":"https:\/\/www.radiopresidenteibanez.cl\/web\/wp-json\/wp\/v2\/types\/post"}],"author":[{"embeddable":true,"href":"https:\/\/www.radiopresidenteibanez.cl\/web\/wp-json\/wp\/v2\/users\/2"}],"replies":[{"embeddable":true,"href":"https:\/\/www.radiopresidenteibanez.cl\/web\/wp-json\/wp\/v2\/comments?post=13950"}],"version-history":[{"count":0,"href":"https:\/\/www.radiopresidenteibanez.cl\/web\/wp-json\/wp\/v2\/posts\/13950\/revisions"}],"wp:featuredmedia":[{"embeddable":true,"href":"https:\/\/www.radiopresidenteibanez.cl\/web\/wp-json\/wp\/v2\/media\/13951"}],"wp:attachment":[{"href":"https:\/\/www.radiopresidenteibanez.cl\/web\/wp-json\/wp\/v2\/media?parent=13950"}],"wp:term":[{"taxonomy":"category","embeddable":true,"href":"https:\/\/www.radiopresidenteibanez.cl\/web\/wp-json\/wp\/v2\/categories?post=13950"},{"taxonomy":"post_tag","embeddable":true,"href":"https:\/\/www.radiopresidenteibanez.cl\/web\/wp-json\/wp\/v2\/tags?post=13950"}],"curies":[{"name":"wp","href":"https:\/\/api.w.org\/{rel}","templated":true}]}}