{"id":13945,"date":"2020-08-06T13:49:10","date_gmt":"2020-08-06T13:49:10","guid":{"rendered":"https:\/\/www.radiopresidenteibanez.cl\/web\/?p=13945"},"modified":"2020-08-06T13:50:29","modified_gmt":"2020-08-06T13:50:29","slug":"a-seguir-trabajando-en-lo-nuestro-queda-mucho-por-hacer","status":"publish","type":"post","link":"https:\/\/www.radiopresidenteibanez.cl\/web\/a-seguir-trabajando-en-lo-nuestro-queda-mucho-por-hacer\/","title":{"rendered":"A SEGUIR TRABAJANDO EN LO NUESTRO, QUEDA MUCHO POR HACER"},"content":{"rendered":"\n<p>\u00ab&#8230;La televisi\u00f3n nos fue diciendo hagan \u00e9sto, lo otro o aquello, la radio nos fue mintiendo, mientras escond\u00edan muertos nos fuimos quedando en silencio..\u00bb Schwenke y Nilo.<\/p>\n\n\n\n<figure class=\"wp-block-audio\"><audio controls src=\"https:\/\/www.radiopresidenteibanez.cl\/web\/wp-content\/uploads\/2020\/08\/pulso-05-08-2020.ogg\"><\/audio><\/figure>\n\n\n\n<p>1.- No acababa de enfriarse luego de salir del horno el \u00faltimo Pulso, y ya nos estaban pidiendo analizar la situaci\u00f3n de los trabajadores con contrato a plazo fijo en la negociaci\u00f3n colectiva.<br> En nuestra opini\u00f3n, tampoco es conveniente incluir en la n\u00f3mina de socios que presentan el proyecto colectivo, a trabajadores con contrato a plazo fijo. M\u00e1s a\u00fan si estos contratos vencen durante el proceso de la negociaci\u00f3n. <br> Y es que el fuero que protege a los que negocian, no se extiende m\u00e1s all\u00e1 del vencimiento del contrato a plazo fijo.<br> En este caso, lo aconsejable es colocar alguna cl\u00e1usula de extensi\u00f3n de beneficios en el contrato colectivo que se suscriba, a quienes sean socios del sindicato. <br> As\u00ed, si estos contratos de plazo fijo pasan a ser indefinidos, los trabajadores podr\u00e1n recibir los beneficios a futuro.<\/p>\n\n\n\n<p>2.- Tambi\u00e9n decir a los compa\u00f1eros de la salud de Iquique, que recibieron y han escrito para referirse a nuestras propuestas que, efectivamente, las mismas est\u00e1n orientadas a los trabajadores de las empresas privadas, por lo que trabajaremos con nuestros asesores jur\u00eddicos la idea de que est\u00e1s, particularmente la jornada semanal de 40 horas en 5 d\u00edas, locomoci\u00f3n y colaci\u00f3n, sean extensivas a los trabajadores de la administraci\u00f3n publica. Todos los trabajadores deben disfrutar de los mismos derechos, sean privados o p\u00fablicos.<\/p>\n\n\n\n<figure class=\"wp-block-image size-large\"><img loading=\"lazy\" decoding=\"async\" width=\"1024\" height=\"681\" src=\"https:\/\/www.radiopresidenteibanez.cl\/web\/wp-content\/uploads\/2020\/08\/FOTO-2-3-1024x681.jpg\" alt=\"\" class=\"wp-image-13948\" srcset=\"https:\/\/www.radiopresidenteibanez.cl\/web\/wp-content\/uploads\/2020\/08\/FOTO-2-3-1024x681.jpg 1024w, https:\/\/www.radiopresidenteibanez.cl\/web\/wp-content\/uploads\/2020\/08\/FOTO-2-3-300x200.jpg 300w, https:\/\/www.radiopresidenteibanez.cl\/web\/wp-content\/uploads\/2020\/08\/FOTO-2-3-768x511.jpg 768w, https:\/\/www.radiopresidenteibanez.cl\/web\/wp-content\/uploads\/2020\/08\/FOTO-2-3-1536x1021.jpg 1536w, https:\/\/www.radiopresidenteibanez.cl\/web\/wp-content\/uploads\/2020\/08\/FOTO-2-3.jpg 1600w\" sizes=\"auto, (max-width: 1024px) 100vw, 1024px\" \/><\/figure>\n\n\n\n<p>3.- Estos meses de cuarentena y restricciones me han permitido reflexionar y tomar una resoluci\u00f3n que, como es costumbre, comparto con mis compa\u00f1eros. <br>\nAunque debiera pensionarme el pr\u00f3ximo a\u00f1o, pretendo extender mi v\u00ednculo con mi Sindicato base y la Confederaci\u00f3n por un periodo m\u00e1s de 3 a\u00f1os, por lo que trabajar\u00e9 para ser reelecto en el sindicato base y que este me proponga al directorio nacional en el 2021. <br>\nSer\u00e1n los afiliados a nuestra CGT quienes resuelvan en  definitiva, al votar en las pr\u00f3ximas elecciones universales, si continuar\u00e9 o no realizando acci\u00f3n sindical.<br>\nAsimismo, me permito contarles que me encuentro radicado temporalmente en la V Regi\u00f3n, aprovechando de apoyar a Fernando en nuestro Centro Recreacional as\u00ed como al directorio de la organizaci\u00f3n con textos y audios diarios. <br>\nNo es efectivo que est\u00e9 en el extranjero o incomunicado. Qui\u00e9n lo ha requerido a podido contactarme, como lo han hecho dirigentes y socios de Sindicatos en los \u00faltimos meses.<br>\nLa  \u00fanica limitaci\u00f3n que tengo son las conecciones a chats o similares, pero eso no ha afectado ni afectar\u00e1 mi aporte.<br>\nA seguir trabajando en lo nuestro, queda mucho por hacer.<\/p>\n\n\n\n<hr class=\"wp-block-separator\"\/>\n\n\n\n<p class=\"has-text-align-center\">Educar &#8211; Organizar &#8211; Luchar<\/p>\n\n\n\n<p class=\"has-text-align-center\">MANUEL AHUMADA LILLO<br>\nSecretario C.G.T. CHILE <\/p>\n","protected":false},"excerpt":{"rendered":"<p>\u00ab&#8230;La televisi\u00f3n nos fue diciendo hagan \u00e9sto, lo otro o aquello, la radio nos fue mintiendo, mientras escond\u00edan muertos nos fuimos quedando en silencio..\u00bb Schwenke y Nilo. 1.- No acababa&#8230; <a class=\"read-more\" href=\"https:\/\/www.radiopresidenteibanez.cl\/web\/a-seguir-trabajando-en-lo-nuestro-queda-mucho-por-hacer\/\">Leer m\u00e1s<\/a><\/p>\n","protected":false},"author":2,"featured_media":13947,"comment_status":"closed","ping_status":"closed","sticky":false,"template":"","format":"standard","meta":{"footnotes":""},"categories":[8,48],"tags":[53,13,12,49,11],"class_list":["post-13945","post","type-post","status-publish","format-standard","has-post-thumbnail","hentry","category-audios","category-pulso-sindical-diario","tag-cgt-chile","tag-chile","tag-magallanes","tag-pulso-sindical","tag-punta-arenas"],"_links":{"self":[{"href":"https:\/\/www.radiopresidenteibanez.cl\/web\/wp-json\/wp\/v2\/posts\/13945","targetHints":{"allow":["GET"]}}],"collection":[{"href":"https:\/\/www.radiopresidenteibanez.cl\/web\/wp-json\/wp\/v2\/posts"}],"about":[{"href":"https:\/\/www.radiopresidenteibanez.cl\/web\/wp-json\/wp\/v2\/types\/post"}],"author":[{"embeddable":true,"href":"https:\/\/www.radiopresidenteibanez.cl\/web\/wp-json\/wp\/v2\/users\/2"}],"replies":[{"embeddable":true,"href":"https:\/\/www.radiopresidenteibanez.cl\/web\/wp-json\/wp\/v2\/comments?post=13945"}],"version-history":[{"count":0,"href":"https:\/\/www.radiopresidenteibanez.cl\/web\/wp-json\/wp\/v2\/posts\/13945\/revisions"}],"wp:featuredmedia":[{"embeddable":true,"href":"https:\/\/www.radiopresidenteibanez.cl\/web\/wp-json\/wp\/v2\/media\/13947"}],"wp:attachment":[{"href":"https:\/\/www.radiopresidenteibanez.cl\/web\/wp-json\/wp\/v2\/media?parent=13945"}],"wp:term":[{"taxonomy":"category","embeddable":true,"href":"https:\/\/www.radiopresidenteibanez.cl\/web\/wp-json\/wp\/v2\/categories?post=13945"},{"taxonomy":"post_tag","embeddable":true,"href":"https:\/\/www.radiopresidenteibanez.cl\/web\/wp-json\/wp\/v2\/tags?post=13945"}],"curies":[{"name":"wp","href":"https:\/\/api.w.org\/{rel}","templated":true}]}}