{"id":13933,"date":"2020-08-06T01:36:10","date_gmt":"2020-08-06T01:36:10","guid":{"rendered":"https:\/\/www.radiopresidenteibanez.cl\/web\/?p=13933"},"modified":"2020-08-06T01:36:16","modified_gmt":"2020-08-06T01:36:16","slug":"carabineros-busca-intensamente-a-persona-involucrada-en-agresion-con-arma-blanca-contra-una-mujer","status":"publish","type":"post","link":"https:\/\/www.radiopresidenteibanez.cl\/web\/carabineros-busca-intensamente-a-persona-involucrada-en-agresion-con-arma-blanca-contra-una-mujer\/","title":{"rendered":"CARABINEROS BUSCA INTENSAMENTE A PERSONA INVOLUCRADA EN AGRESI\u00d3N CON ARMA BLANCA CONTRA UNA MUJER"},"content":{"rendered":"\n<p>Pasado el mediod\u00eda de este, mi\u00e9rcoles 05 de agosto, hasta\nlas dependencias de los departamentos \u201cSan Ignacio\u201d ubicados en la prolongaci\u00f3n\nIgnacio Carrera Pinto, se debi\u00f3 dirigir personal del Samu y Carabineros, luego\nde que fueron alertados sobre una mujer que se encontraba con una herida\nproducida por un arma blanca.<\/p>\n\n\n\n<p>Lo anterior, habr\u00eda ocurrido al interior de un departamento mientras\nla afectada se encontraba compartiendo bebidas alcoh\u00f3licas con otras personas.<\/p>\n\n\n\n<p>La mujer apu\u00f1alada en el abdomen fue trasladada por personal\ndel Samu, hasta las dependencias del Hospital Cl\u00ednico de Magallanes, por su\nparte, Carabineros se encuentra realizando las investigaciones correspondientes\npara dar con el paradero de \u00e9l o los involucrados en el hecho de sangre.<\/p>\n\n\n\n<p>Cabe mencionar, que, durante el operativo policial, se realiz\u00f3 la detenci\u00f3n de un hombre que manten\u00eda una orden vigente por violaci\u00f3n contra una menor de edad.<\/p>\n\n\n\n<p><\/p>\n\n\n\n<p>CHH.<\/p>\n","protected":false},"excerpt":{"rendered":"<p>Pasado el mediod\u00eda de este, mi\u00e9rcoles 05 de agosto, hasta las dependencias de los departamentos \u201cSan Ignacio\u201d ubicados en la prolongaci\u00f3n Ignacio Carrera Pinto, se debi\u00f3 dirigir personal del Samu&#8230; <a class=\"read-more\" href=\"https:\/\/www.radiopresidenteibanez.cl\/web\/carabineros-busca-intensamente-a-persona-involucrada-en-agresion-con-arma-blanca-contra-una-mujer\/\">Leer m\u00e1s<\/a><\/p>\n","protected":false},"author":2,"featured_media":1617,"comment_status":"closed","ping_status":"closed","sticky":false,"template":"","format":"standard","meta":{"footnotes":""},"categories":[1],"tags":[],"class_list":["post-13933","post","type-post","status-publish","format-standard","has-post-thumbnail","hentry","category-cronica"],"_links":{"self":[{"href":"https:\/\/www.radiopresidenteibanez.cl\/web\/wp-json\/wp\/v2\/posts\/13933","targetHints":{"allow":["GET"]}}],"collection":[{"href":"https:\/\/www.radiopresidenteibanez.cl\/web\/wp-json\/wp\/v2\/posts"}],"about":[{"href":"https:\/\/www.radiopresidenteibanez.cl\/web\/wp-json\/wp\/v2\/types\/post"}],"author":[{"embeddable":true,"href":"https:\/\/www.radiopresidenteibanez.cl\/web\/wp-json\/wp\/v2\/users\/2"}],"replies":[{"embeddable":true,"href":"https:\/\/www.radiopresidenteibanez.cl\/web\/wp-json\/wp\/v2\/comments?post=13933"}],"version-history":[{"count":0,"href":"https:\/\/www.radiopresidenteibanez.cl\/web\/wp-json\/wp\/v2\/posts\/13933\/revisions"}],"wp:featuredmedia":[{"embeddable":true,"href":"https:\/\/www.radiopresidenteibanez.cl\/web\/wp-json\/wp\/v2\/media\/1617"}],"wp:attachment":[{"href":"https:\/\/www.radiopresidenteibanez.cl\/web\/wp-json\/wp\/v2\/media?parent=13933"}],"wp:term":[{"taxonomy":"category","embeddable":true,"href":"https:\/\/www.radiopresidenteibanez.cl\/web\/wp-json\/wp\/v2\/categories?post=13933"},{"taxonomy":"post_tag","embeddable":true,"href":"https:\/\/www.radiopresidenteibanez.cl\/web\/wp-json\/wp\/v2\/tags?post=13933"}],"curies":[{"name":"wp","href":"https:\/\/api.w.org\/{rel}","templated":true}]}}