{"id":13930,"date":"2020-08-06T01:34:47","date_gmt":"2020-08-06T01:34:47","guid":{"rendered":"https:\/\/www.radiopresidenteibanez.cl\/web\/?p=13930"},"modified":"2020-08-06T01:34:53","modified_gmt":"2020-08-06T01:34:53","slug":"buzo-comercial-fallecio-luego-de-un-accidente-cardiaco-en-el-sector-de-seno-skyring","status":"publish","type":"post","link":"https:\/\/www.radiopresidenteibanez.cl\/web\/buzo-comercial-fallecio-luego-de-un-accidente-cardiaco-en-el-sector-de-seno-skyring\/","title":{"rendered":"BUZO COMERCIAL FALLECI\u00d3 LUEGO DE UN ACCIDENTE CARD\u00cdACO EN EL SECTOR DE SENO SKYRING"},"content":{"rendered":"\n<p>Durante la noche de este, mi\u00e9rcoles 05 de agosto, el Gobernador Mar\u00edtimo de Punta Arenas, comandante Sergio Valenzuela, entreg\u00f3 la lamentable informaci\u00f3n del fallecimiento de un buzo comercial que prestaba labores a la empresa Cermaq, en dependencias del centro salmonero \u201cLaura Norte\u201d, en Seno Skyring.<\/p>\n\n\n\n<p>El hombre\nque pertenec\u00eda a la empresa Skua Spa, de 43 a\u00f1os oriundo de Valpara\u00edso, sufri\u00f3\nun problema cardiaco mientras realizaba mantenciones en los m\u00f3dulos del centro\nde cultivo salmonero.<\/p>\n\n\n\n<p>Las causas\nser\u00e1n investigadas por personal de la PDI, donde tambi\u00e9n se investigar\u00e1 si\nestaba en condiciones para realizar este tipo de trabajos.<\/p>\n\n\n\n<p><\/p>\n\n\n\n<p>CHH.<\/p>\n","protected":false},"excerpt":{"rendered":"<p>Durante la noche de este, mi\u00e9rcoles 05 de agosto, el Gobernador Mar\u00edtimo de Punta Arenas, comandante Sergio Valenzuela, entreg\u00f3 la lamentable informaci\u00f3n del fallecimiento de un buzo comercial que prestaba&#8230; <a class=\"read-more\" href=\"https:\/\/www.radiopresidenteibanez.cl\/web\/buzo-comercial-fallecio-luego-de-un-accidente-cardiaco-en-el-sector-de-seno-skyring\/\">Leer m\u00e1s<\/a><\/p>\n","protected":false},"author":2,"featured_media":13931,"comment_status":"closed","ping_status":"closed","sticky":false,"template":"","format":"standard","meta":{"footnotes":""},"categories":[1],"tags":[],"class_list":["post-13930","post","type-post","status-publish","format-standard","has-post-thumbnail","hentry","category-cronica"],"_links":{"self":[{"href":"https:\/\/www.radiopresidenteibanez.cl\/web\/wp-json\/wp\/v2\/posts\/13930","targetHints":{"allow":["GET"]}}],"collection":[{"href":"https:\/\/www.radiopresidenteibanez.cl\/web\/wp-json\/wp\/v2\/posts"}],"about":[{"href":"https:\/\/www.radiopresidenteibanez.cl\/web\/wp-json\/wp\/v2\/types\/post"}],"author":[{"embeddable":true,"href":"https:\/\/www.radiopresidenteibanez.cl\/web\/wp-json\/wp\/v2\/users\/2"}],"replies":[{"embeddable":true,"href":"https:\/\/www.radiopresidenteibanez.cl\/web\/wp-json\/wp\/v2\/comments?post=13930"}],"version-history":[{"count":0,"href":"https:\/\/www.radiopresidenteibanez.cl\/web\/wp-json\/wp\/v2\/posts\/13930\/revisions"}],"wp:featuredmedia":[{"embeddable":true,"href":"https:\/\/www.radiopresidenteibanez.cl\/web\/wp-json\/wp\/v2\/media\/13931"}],"wp:attachment":[{"href":"https:\/\/www.radiopresidenteibanez.cl\/web\/wp-json\/wp\/v2\/media?parent=13930"}],"wp:term":[{"taxonomy":"category","embeddable":true,"href":"https:\/\/www.radiopresidenteibanez.cl\/web\/wp-json\/wp\/v2\/categories?post=13930"},{"taxonomy":"post_tag","embeddable":true,"href":"https:\/\/www.radiopresidenteibanez.cl\/web\/wp-json\/wp\/v2\/tags?post=13930"}],"curies":[{"name":"wp","href":"https:\/\/api.w.org\/{rel}","templated":true}]}}