{"id":13919,"date":"2020-08-05T23:48:04","date_gmt":"2020-08-05T23:48:04","guid":{"rendered":"https:\/\/www.radiopresidenteibanez.cl\/web\/?p=13919"},"modified":"2020-08-05T23:48:08","modified_gmt":"2020-08-05T23:48:08","slug":"chao-bolsas-plasticas-un-65-de-los-encuestados-ocasionalmente-lleva-sus-bolsas-reutilizables-al-comprar","status":"publish","type":"post","link":"https:\/\/www.radiopresidenteibanez.cl\/web\/chao-bolsas-plasticas-un-65-de-los-encuestados-ocasionalmente-lleva-sus-bolsas-reutilizables-al-comprar\/","title":{"rendered":"CHAO BOLSAS PL\u00c1STICAS:  UN 65% DE LOS ENCUESTADOS OCASIONALMENTE LLEVA SUS BOLSAS REUTILIZABLES AL COMPRAR"},"content":{"rendered":"\n<p>La Asociaci\u00f3n Chilena de Municipalidades (AChM) junto\na la Escuela de Gobierno Local realiz\u00f3 una encuesta para conocer la apreciaci\u00f3n\nde la ciudadan\u00eda respecto a la ley \u201cChao Bolsas\u201d que proh\u00edbe la entrega de\nbolsas pl\u00e1sticas de comercio en todo el territorio nacional.&nbsp;&nbsp;<\/p>\n\n\n\n<p>Del total de &nbsp;personas encuestadas, el sondeo\nrevel\u00f3 que un 85% declara estar de acuerdo con la iniciativa, mientras que un\n65% se acuerda de vez en cuando de llevar sus bolsas reutilizables al momento de\nrealizar sus compras.&nbsp;&nbsp;<\/p>\n\n\n\n<p>El presidente de la AChM, alcalde de Natales, Fernando\nParedes se\u00f1al\u00f3 que \u201ccomo presidente de la AChM, hago un llamado a todas las\ninstituciones y principalmente a las familias del pa\u00eds, para cultivar y\npotenciar el uso de las bolsas reutilizables, de modo tal de ir cumpliendo con\nesta ley, que ya se encuentra vigente y desde el punto de vista medioambiental\nes muy positiva para el pa\u00eds\u00bb.<\/p>\n\n\n\n<p>A dos a\u00f1os de la promulgaci\u00f3n de esta ley, se han\nlogrado reducir alrededor de cinco mil millones de bolsas pl\u00e1sticas. En primera\ninstancia, la medida limit\u00f3 a un m\u00e1ximo de dos unidades la entrega de bolsas a\nclientes en grandes tiendas y supermercados.&nbsp;&nbsp;<\/p>\n\n\n\n<p>Desde este 3 de agosto de 2020, se suman a esta\niniciativa las peque\u00f1as y medianas empresas, los almacenes y puestos de feria.\nLa \u00fanica excepci\u00f3n para su utilizaci\u00f3n es para los alimentos de contacto\ndirecto como lo son el pan, las verduras, las frutas y los pescados.&nbsp;\n\n\u201cA ra\u00edz\nde esta ley surge la imperiosa necesidad de implementar programas de educaci\u00f3n\na la poblaci\u00f3n respecto de medidas que puedan ser un aporte al medioambiente.\nEl foco principal de estas iniciativas debe estar puesto en los ni\u00f1os, pues son\nlos que marcar\u00e1n la diferencia y aportar\u00e1n el factor de cambio para traspasar\nh\u00e1bitos de generaci\u00f3n en generaci\u00f3n\u201d, declara Mar\u00eda Jos\u00e9 Bast\u00edas, Directora de\nProyectos de Escuela de Gobierno Local.&nbsp;\n\n\n\n<\/p>\n","protected":false},"excerpt":{"rendered":"<p>La Asociaci\u00f3n Chilena de Municipalidades (AChM) junto a la Escuela de Gobierno Local realiz\u00f3 una encuesta para conocer la apreciaci\u00f3n de la ciudadan\u00eda respecto a la ley \u201cChao Bolsas\u201d que&#8230; <a class=\"read-more\" href=\"https:\/\/www.radiopresidenteibanez.cl\/web\/chao-bolsas-plasticas-un-65-de-los-encuestados-ocasionalmente-lleva-sus-bolsas-reutilizables-al-comprar\/\">Leer m\u00e1s<\/a><\/p>\n","protected":false},"author":2,"featured_media":13921,"comment_status":"closed","ping_status":"closed","sticky":false,"template":"","format":"standard","meta":{"footnotes":""},"categories":[1],"tags":[],"class_list":["post-13919","post","type-post","status-publish","format-standard","has-post-thumbnail","hentry","category-cronica"],"_links":{"self":[{"href":"https:\/\/www.radiopresidenteibanez.cl\/web\/wp-json\/wp\/v2\/posts\/13919","targetHints":{"allow":["GET"]}}],"collection":[{"href":"https:\/\/www.radiopresidenteibanez.cl\/web\/wp-json\/wp\/v2\/posts"}],"about":[{"href":"https:\/\/www.radiopresidenteibanez.cl\/web\/wp-json\/wp\/v2\/types\/post"}],"author":[{"embeddable":true,"href":"https:\/\/www.radiopresidenteibanez.cl\/web\/wp-json\/wp\/v2\/users\/2"}],"replies":[{"embeddable":true,"href":"https:\/\/www.radiopresidenteibanez.cl\/web\/wp-json\/wp\/v2\/comments?post=13919"}],"version-history":[{"count":0,"href":"https:\/\/www.radiopresidenteibanez.cl\/web\/wp-json\/wp\/v2\/posts\/13919\/revisions"}],"wp:featuredmedia":[{"embeddable":true,"href":"https:\/\/www.radiopresidenteibanez.cl\/web\/wp-json\/wp\/v2\/media\/13921"}],"wp:attachment":[{"href":"https:\/\/www.radiopresidenteibanez.cl\/web\/wp-json\/wp\/v2\/media?parent=13919"}],"wp:term":[{"taxonomy":"category","embeddable":true,"href":"https:\/\/www.radiopresidenteibanez.cl\/web\/wp-json\/wp\/v2\/categories?post=13919"},{"taxonomy":"post_tag","embeddable":true,"href":"https:\/\/www.radiopresidenteibanez.cl\/web\/wp-json\/wp\/v2\/tags?post=13919"}],"curies":[{"name":"wp","href":"https:\/\/api.w.org\/{rel}","templated":true}]}}