{"id":13914,"date":"2020-08-05T23:43:01","date_gmt":"2020-08-05T23:43:01","guid":{"rendered":"https:\/\/www.radiopresidenteibanez.cl\/web\/?p=13914"},"modified":"2020-08-05T23:43:20","modified_gmt":"2020-08-05T23:43:20","slug":"pulso-sindical-diario-de-la-cgt-chile-05-agosto-2020","status":"publish","type":"post","link":"https:\/\/www.radiopresidenteibanez.cl\/web\/pulso-sindical-diario-de-la-cgt-chile-05-agosto-2020\/","title":{"rendered":"PULSO SINDICAL DIARIO DE LA CGT CHILE  05 AGOSTO 2020"},"content":{"rendered":"\n<p>1.- No acababa de enfriarse luego de salir del horno el\n\u00faltimo Pulso, y ya nos estaban pidiendo analizar la situaci\u00f3n de los\ntrabajadores con contrato a plazo fijo en la negociaci\u00f3n colectiva.<\/p>\n\n\n\n<p>En nuestra opini\u00f3n, tampoco es conveniente incluir en la\nn\u00f3mina de socios que presentan el proyecto colectivo, a trabajadores con\ncontrato a plazo fijo. M\u00e1s a\u00fan si estos contratos vencen durante el proceso de\nla negociaci\u00f3n. <\/p>\n\n\n\n<p>Y es que el fuero que protege a los que negocian, no se\nextiende m\u00e1s all\u00e1 del vencimiento del contrato a plazo fijo.<\/p>\n\n\n\n<p>En este caso, lo aconsejable es colocar alguna cl\u00e1usula de\nextensi\u00f3n de beneficios en el contrato colectivo que se suscriba, a quienes\nsean socios del sindicato. <\/p>\n\n\n\n<p>As\u00ed, si estos contratos de plazo fijo pasan a ser\nindefinidos, los trabajadores podr\u00e1n recibir los beneficios a futuro.<\/p>\n\n\n\n<p>2.- Tambi\u00e9n decir a los compa\u00f1eros de la salud de Iquique,\nque recibieron y han escrito para referirse a nuestras propuestas que,\nefectivamente, las mismas est\u00e1n orientadas a los trabajadores de las empresas\nprivadas, por lo que trabajaremos con nuestros asesores jur\u00eddicos la idea de\nque est\u00e1s, particularmente la jornada semanal de 40 horas en 5 d\u00edas, locomoci\u00f3n\ny colaci\u00f3n, sean extensivas a los trabajadores de la administraci\u00f3n publica.\nTodos los trabajadores deben disfrutar de los mismos derechos, sean privados o\np\u00fablicos.<\/p>\n\n\n\n<p>3.- Estos meses de cuarentena y restricciones me han\npermitido reflexionar y tomar una resoluci\u00f3n que, como es costumbre, comparto\ncon mis compa\u00f1eros. <\/p>\n\n\n\n<p>Aunque debiera pensionarme el pr\u00f3ximo a\u00f1o, pretendo extender\nmi v\u00ednculo con mi Sindicato base y la Confederaci\u00f3n por un periodo m\u00e1s de 3\na\u00f1os, por lo que trabajar\u00e9 para ser reelecto en el sindicato base y que este me\nproponga al directorio nacional en el 2021. <\/p>\n\n\n\n<p>Ser\u00e1n los afiliados a nuestra CGT quienes resuelvan en&nbsp; definitiva, al votar en las pr\u00f3ximas\nelecciones universales, si continuar\u00e9 o no realizando acci\u00f3n sindical.<\/p>\n\n\n\n<p>Asimismo, me permito contarles que me encuentro radicado\ntemporalmente en la V Regi\u00f3n, aprovechando de apoyar a Fernando en nuestro\nCentro Recreacional as\u00ed como al directorio de la organizaci\u00f3n con textos y\naudios diarios. <\/p>\n\n\n\n<p>No es efectivo que est\u00e9 en el extranjero o incomunicado.\nQui\u00e9n lo ha requerido a podido contactarme, como lo han hecho dirigentes y\nsocios de Sindicatos en los \u00faltimos meses.<\/p>\n\n\n\n<p>La&nbsp; \u00fanica limitaci\u00f3n\nque tengo son las conecciones a chats o similares, pero eso no ha afectado ni\nafectar\u00e1 mi aporte.<\/p>\n\n\n\n<p>A seguir trabajando en lo nuestro, queda mucho por hacer.<\/p>\n","protected":false},"excerpt":{"rendered":"<p>1.- No acababa de enfriarse luego de salir del horno el \u00faltimo Pulso, y ya nos estaban pidiendo analizar la situaci\u00f3n de los trabajadores con contrato a plazo fijo en&#8230; <a class=\"read-more\" href=\"https:\/\/www.radiopresidenteibanez.cl\/web\/pulso-sindical-diario-de-la-cgt-chile-05-agosto-2020\/\">Leer m\u00e1s<\/a><\/p>\n","protected":false},"author":2,"featured_media":13915,"comment_status":"closed","ping_status":"closed","sticky":false,"template":"","format":"standard","meta":{"footnotes":""},"categories":[1,48],"tags":[],"class_list":["post-13914","post","type-post","status-publish","format-standard","has-post-thumbnail","hentry","category-cronica","category-pulso-sindical-diario"],"_links":{"self":[{"href":"https:\/\/www.radiopresidenteibanez.cl\/web\/wp-json\/wp\/v2\/posts\/13914","targetHints":{"allow":["GET"]}}],"collection":[{"href":"https:\/\/www.radiopresidenteibanez.cl\/web\/wp-json\/wp\/v2\/posts"}],"about":[{"href":"https:\/\/www.radiopresidenteibanez.cl\/web\/wp-json\/wp\/v2\/types\/post"}],"author":[{"embeddable":true,"href":"https:\/\/www.radiopresidenteibanez.cl\/web\/wp-json\/wp\/v2\/users\/2"}],"replies":[{"embeddable":true,"href":"https:\/\/www.radiopresidenteibanez.cl\/web\/wp-json\/wp\/v2\/comments?post=13914"}],"version-history":[{"count":0,"href":"https:\/\/www.radiopresidenteibanez.cl\/web\/wp-json\/wp\/v2\/posts\/13914\/revisions"}],"wp:featuredmedia":[{"embeddable":true,"href":"https:\/\/www.radiopresidenteibanez.cl\/web\/wp-json\/wp\/v2\/media\/13915"}],"wp:attachment":[{"href":"https:\/\/www.radiopresidenteibanez.cl\/web\/wp-json\/wp\/v2\/media?parent=13914"}],"wp:term":[{"taxonomy":"category","embeddable":true,"href":"https:\/\/www.radiopresidenteibanez.cl\/web\/wp-json\/wp\/v2\/categories?post=13914"},{"taxonomy":"post_tag","embeddable":true,"href":"https:\/\/www.radiopresidenteibanez.cl\/web\/wp-json\/wp\/v2\/tags?post=13914"}],"curies":[{"name":"wp","href":"https:\/\/api.w.org\/{rel}","templated":true}]}}