{"id":139,"date":"2018-12-27T22:06:53","date_gmt":"2018-12-27T22:06:53","guid":{"rendered":"http:\/\/www.radiopresidenteibanez.cl\/web\/?p=139"},"modified":"2018-12-27T22:07:13","modified_gmt":"2018-12-27T22:07:13","slug":"agrupacion-de-mujeres-virgen-de-la-covadonga-cuenta-con-sala-multiuso-para-rescatar-tecnicas-ancestrales-de-hilado","status":"publish","type":"post","link":"https:\/\/www.radiopresidenteibanez.cl\/web\/agrupacion-de-mujeres-virgen-de-la-covadonga-cuenta-con-sala-multiuso-para-rescatar-tecnicas-ancestrales-de-hilado\/","title":{"rendered":"AGRUPACI\u00d3N DE MUJERES \u201cVIRGEN DE LA COVADONGA\u201d CUENTA CON SALA MULTIUSO PARA RESCATAR T\u00c9CNICAS ANCESTRALES DE HILADO"},"content":{"rendered":"\n<p>Poco m\u00e1s de 17 millones 333 mil pesos cost\u00f3 la sala multiuso que permitir\u00e1 a las doce mujeres que integran la agrupaci\u00f3n Virgen de la Covadonga trabajar en artesan\u00edas e hilado durante los meses de invierno y mantener una vitrina permanente en la promoci\u00f3n de sus productos.&nbsp;<\/p>\n\n\n\n<p>Cada martes, en el kil\u00f3metro 12,5 norte de la ciudad de Punta Arenas, dan rienda suelta&nbsp;a&nbsp;la&nbsp;imaginaci\u00f3n, en una sede que construyeron&nbsp;principalmente con la venta de milcaos.&nbsp;&nbsp;Hoy, la nueva estructura anexada tiene 38 metros cuadrados, piso de baldosa y est\u00e1 equipada con una cocina, refrigerador, muebles, y calefacci\u00f3n.&nbsp;<\/p>\n\n\n\n<p>\u201cEstamos orgullosas de lo que hemos logrado y agradecida de las autoridades que han cre\u00eddo en nosotras. Ac\u00e1 est\u00e1 el trabajo y compromiso de todas las se\u00f1oras\u201d, explic\u00f3 Aurora Reyes, presidenta de la agrupaci\u00f3n.<\/p>\n\n\n\n<p>Todas tienen hijos y m\u00e1s&nbsp;de&nbsp;sesenta a\u00f1os, trabajan&nbsp;la&nbsp;tierra y se llaman&nbsp;a&nbsp;s\u00ed mismas: \u201cLas&nbsp;V\u00edrgenes&nbsp;de&nbsp;la&nbsp;Covadonga\u201d, nombre por el que se han llenado&nbsp;de&nbsp;piropos y bromas en los a\u00f1os que llevan organizadas, pero&nbsp;al que le&nbsp;agradecen el \u00e9xito y los triunfos colectivos que ostentan: construir su propia sede y viajar&nbsp;a&nbsp;capacitarse en reiteradas ocasiones&nbsp;a&nbsp;trav\u00e9s&nbsp;del&nbsp;Programa Gesti\u00f3n y Soporte Organizacional, Progyso&nbsp;de&nbsp;INDAP, entre otras.<\/p>\n\n\n\n<p>Para el director regional (s) de INDAP, Petar Bradasic, el proyecto adem\u00e1s de rescatar una tradici\u00f3n antigua ayuda a ir disminuyendo las inequidades que enfrentan las mujeres campesinas y, al mismo tiempo, valorizar su trabajo. \u201cLa sala fue posible gracias al convenio suscrito con el Gobierno Regional que ha permitido acelerar el crecimiento, tanto en infraestructura como en capacitaci\u00f3n, indic\u00f3.&nbsp;<\/p>\n\n\n\n<p>A su vez agreg\u00f3 que \u201cvaloramos el trabajo colectivo que han desarrollado tanto en la agricultura como en la artesan\u00eda, lo importante ahora es incorporar a las nuevas generaciones y darle continuidad al proyecto\u201d.<\/p>\n\n\n\n<p>La inauguraci\u00f3n de la sala multiuso cont\u00f3 con la participaci\u00f3n del seremi de Agricultura, Jos\u00e9 Fern\u00e1ndez; el director regional (s) de INDAP, Petar Bradasic; el director de ProChile, Claudio Villarroel; el director del SAG, Nicol\u00e1s Soto; la presidenta del Consejo Asesor Campesino, Patricia Delgado, adem\u00e1s de funcionarios de Indap, Inia y agricultores.<\/p>\n","protected":false},"excerpt":{"rendered":"<p>Poco m\u00e1s de 17 millones 333 mil pesos cost\u00f3 la sala multiuso que permitir\u00e1 a las doce mujeres que integran la agrupaci\u00f3n Virgen de la Covadonga trabajar en artesan\u00edas e&#8230; <a class=\"read-more\" href=\"https:\/\/www.radiopresidenteibanez.cl\/web\/agrupacion-de-mujeres-virgen-de-la-covadonga-cuenta-con-sala-multiuso-para-rescatar-tecnicas-ancestrales-de-hilado\/\">Leer m\u00e1s<\/a><\/p>\n","protected":false},"author":2,"featured_media":140,"comment_status":"closed","ping_status":"closed","sticky":false,"template":"","format":"standard","meta":{"footnotes":""},"categories":[1],"tags":[],"class_list":["post-139","post","type-post","status-publish","format-standard","has-post-thumbnail","hentry","category-cronica"],"_links":{"self":[{"href":"https:\/\/www.radiopresidenteibanez.cl\/web\/wp-json\/wp\/v2\/posts\/139","targetHints":{"allow":["GET"]}}],"collection":[{"href":"https:\/\/www.radiopresidenteibanez.cl\/web\/wp-json\/wp\/v2\/posts"}],"about":[{"href":"https:\/\/www.radiopresidenteibanez.cl\/web\/wp-json\/wp\/v2\/types\/post"}],"author":[{"embeddable":true,"href":"https:\/\/www.radiopresidenteibanez.cl\/web\/wp-json\/wp\/v2\/users\/2"}],"replies":[{"embeddable":true,"href":"https:\/\/www.radiopresidenteibanez.cl\/web\/wp-json\/wp\/v2\/comments?post=139"}],"version-history":[{"count":0,"href":"https:\/\/www.radiopresidenteibanez.cl\/web\/wp-json\/wp\/v2\/posts\/139\/revisions"}],"wp:featuredmedia":[{"embeddable":true,"href":"https:\/\/www.radiopresidenteibanez.cl\/web\/wp-json\/wp\/v2\/media\/140"}],"wp:attachment":[{"href":"https:\/\/www.radiopresidenteibanez.cl\/web\/wp-json\/wp\/v2\/media?parent=139"}],"wp:term":[{"taxonomy":"category","embeddable":true,"href":"https:\/\/www.radiopresidenteibanez.cl\/web\/wp-json\/wp\/v2\/categories?post=139"},{"taxonomy":"post_tag","embeddable":true,"href":"https:\/\/www.radiopresidenteibanez.cl\/web\/wp-json\/wp\/v2\/tags?post=139"}],"curies":[{"name":"wp","href":"https:\/\/api.w.org\/{rel}","templated":true}]}}